{"id":5528,"date":"2026-08-31T03:15:20","date_gmt":"2026-08-31T03:15:20","guid":{"rendered":"https:\/\/www.interciencia.net\/pt\/?p=5528"},"modified":"2026-08-31T03:49:41","modified_gmt":"2026-08-31T03:49:41","slug":"volumen-51-numero-08","status":"publish","type":"post","link":"https:\/\/www.interciencia.net\/pt\/volume-51-2026\/volumen-51-numero-08\/","title":{"rendered":"Volume 51 Edi\u00e7ao 08"},"content":{"rendered":"<table width=\"100%\">\r\n<tbody>\r\n<tr>\r\n<td colspan=\"2\"><strong>\/Editorial\/<\/strong><\/td>\r\n<\/tr>\r\n<tr>\r\n<td>\r\n<p class=\"small\">Luis Araya-Castillo e Francisca Ortega<\/p>\r\n<p>A UNIVERSIDADE EM TEMPOS DE TRANSFORMA\u00c7\u00c3O SOCIAL: DESAFIOS PARA A CI\u00caNCIA E O DESENVOLVIMENTO NA AM\u00c9RICA LATINA<\/p>\r\n<\/td>\r\n<td style=\"text-align: center; vertical-align: middle;\" width=\"20%\"><a href=\"https:\/\/www.interciencia.net\/pt\/files\/2026\/08\/0B-EDITORIAL_v51n8-pt.pdf\" target=\"_blank\" rel=\"noopener noreferrer\">423<\/a><\/td>\r\n<\/tr>\r\n<tr>\r\n<td colspan=\"2\"><strong>\/Artigos\/<\/strong><\/td>\r\n<\/tr>\r\n<tr>\r\n<td>\r\n<p class=\"small\">Valeria Bozzo, Valentina Ortega, Gonzalo Vald\u00e9s, Giuliani Coluccio e Fanny Fuentes-Jim\u00e9nez<\/p>\r\n<p>DETERMINANTES DA VACINA\u00c7\u00c3O E DA DISPOSI\u00c7\u00c3O PARA SE VACINAR NO CHILE: DAS TEORIAS CONSPIRAT\u00d3RIAS AO PAPEL DAS AU-TORIDADES (em ingl\u00eas)<\/p>\r\n<\/td>\r\n<td style=\"text-align: center; vertical-align: middle;\"><a href=\"https:\/\/www.interciencia.net\/wp-content\/uploads\/2026\/08\/01_7406_A_Valdes_v51n8_9.pdf\" target=\"_blank\" rel=\"noopener noreferrer\">424<\/a><\/td>\r\n<\/tr>\r\n<tr>\r\n<td>\r\n<p class=\"small\">Liliana Pedraja-Rejas, Pablo Rojas e Francisco Ganga-Contreras<\/p>\r\n<p>APRENDIZAGEM ORGANIZACIONAL NO ENSINO SUPERIOR: UMA REVIS\u00c3O DE VIESES, CLUSTERS E LACUNAS DE PESQUISA (em espanhol)<\/p>\r\n<\/td>\r\n<td style=\"text-align: center; vertical-align: middle;\"><a href=\"https:\/\/www.interciencia.net\/wp-content\/uploads\/2026\/08\/02_7469_A_Ganga_v51n8_8.pdf\" target=\"_blank\" rel=\"noopener noreferrer\">433<\/a><\/td>\r\n<\/tr>\r\n<tr>\r\n<td>\r\n<p class=\"small\">Leodan Tadeo Rodr\u00edguez-Ortega, Alejandro Rodr\u00edguez-Ortega, Sergio Segovia-Azpeitia, Filogonio Jes\u00fas Hern\u00e1ndez-Guzm\u00e1n, Diana Mar\u00eda Sifuentes-Saucedo, Jorge Vargas-Monter e Erick Alfredo Z\u00fa\u00f1iga-Estrada<\/p>\r\n<p class=\"small\">PIGMENTOS NATURAIS QUE INTENSIFICAM A COLORA\u00c7\u00c3O DA GEMA DO OVO E SUA ATIVIDADE ANTIOXIDANTE: UMA REVIS\u00c3O (em espanhol)<\/p>\r\n<\/td>\r\n<td style=\"text-align: center; vertical-align: middle;\"><a href=\"https:\/\/www.interciencia.net\/wp-content\/uploads\/2026\/08\/03_7487_A_Rodriguez_Ortega_v51n8_11.pdf\" target=\"_blank\" rel=\"noopener noreferrer\">441<\/a><\/td>\r\n<\/tr>\r\n<tr>\r\n<td>\r\n<p class=\"small\">Pedro Severino-Gonz\u00e1lez, M\u00f3nica S\u00e1nchez-Lim\u00f3n, Carolina Leiva-Fuentes, Francisco Javier Villar-Olaeta, Francisco Novoa-Mu\u00f1oz, Edwars Nu\u00f1ez-Acevedo e Guipsy Rebolledo-Aburto<\/p>\r\n<p class=\"small\">O PESO DO SUCESSO: VALIDA\u00c7\u00c3O PSICOM\u00c9TRICA E DIFEREN\u00c7AS NO ESTRESSE ACAD\u00caMICO PERCEBIDO EM ESTUDANTES DE NEG\u00d3CIOS (em ingl\u00eas)<\/p>\r\n<\/td>\r\n<td style=\"text-align: center; vertical-align: middle;\"><a href=\"https:\/\/www.interciencia.net\/wp-content\/uploads\/2026\/08\/04_7502_A_Severino_v51n8_13.pdf\" target=\"_blank\" rel=\"noopener noreferrer\">452<\/a><\/td>\r\n<\/tr>\r\n<tr>\r\n<td>\r\n<p class=\"small\">Carlos Silva Salas, Juan Alejandro Gallegos Mardones e Paolo Saona Hoffmann<\/p>\r\n<p>CAIXA E GOVERNAN\u00c7A CORPORATIVA: REVIS\u00c3O SISTEM\u00c1TICA DA LITERATURA UTILIZANDO PRISMA (em espanhol)<\/p>\r\n<\/td>\r\n<td style=\"text-align: center; vertical-align: middle;\"><a href=\"https:\/\/www.interciencia.net\/wp-content\/uploads\/2026\/08\/05_7455_A_Gallegos_v51n8_10.pdf\" target=\"_blank\" rel=\"noopener noreferrer\">465<\/a><\/td>\r\n<\/tr>\r\n<tr>\r\n<td>\r\n<p>PR\u00d3XIMAS REUNI\u00d5ES<\/p>\r\n<\/td>\r\n<td style=\"text-align: center; vertical-align: middle;\"><a href=\"https:\/\/www.interciencia.net\/wp-content\/uploads\/2026\/08\/06_reuniones_venideras_v51n8_1.pdf\" target=\"_blank\" rel=\"noopener noreferrer\">475<\/a><\/td>\r\n<\/tr>\r\n<\/tbody>\r\n<\/table>\r\n\r\n<p>&nbsp;<\/p>\r\n","protected":false},"excerpt":{"rendered":"<p>\/Editorial\/ Luis Araya-Castillo e Francisca Ortega A UNIVERSIDADE EM TEMPOS DE TRANSFORMA\u00c7\u00c3O SOCIAL: DESAFIOS PARA A CI\u00caNCIA E O DESENVOLVIMENTO NA AM\u00c9RICA LATINA 423 \/Artigos\/ Valeria Bozzo, Valentina Ortega, Gonzalo Vald\u00e9s, Giuliani Coluccio e Fanny Fuentes-Jim\u00e9nez DETERMINANTES DA VACINA\u00c7\u00c3O E DA DISPOSI\u00c7\u00c3O PARA SE VACINAR NO CHILE: DAS TEORIAS CONSPIRAT\u00d3RIAS AO PAPEL DAS AU-TORIDADES (em [&hellip;]<\/p>\n","protected":false},"author":1,"featured_media":5532,"comment_status":"closed","ping_status":"open","sticky":false,"template":"","format":"standard","meta":[],"categories":[449],"tags":[],"_links":{"self":[{"href":"https:\/\/www.interciencia.net\/pt\/wp-json\/wp\/v2\/posts\/5528"}],"collection":[{"href":"https:\/\/www.interciencia.net\/pt\/wp-json\/wp\/v2\/posts"}],"about":[{"href":"https:\/\/www.interciencia.net\/pt\/wp-json\/wp\/v2\/types\/post"}],"author":[{"embeddable":true,"href":"https:\/\/www.interciencia.net\/pt\/wp-json\/wp\/v2\/users\/1"}],"replies":[{"embeddable":true,"href":"https:\/\/www.interciencia.net\/pt\/wp-json\/wp\/v2\/comments?post=5528"}],"version-history":[{"count":4,"href":"https:\/\/www.interciencia.net\/pt\/wp-json\/wp\/v2\/posts\/5528\/revisions"}],"predecessor-version":[{"id":5538,"href":"https:\/\/www.interciencia.net\/pt\/wp-json\/wp\/v2\/posts\/5528\/revisions\/5538"}],"wp:featuredmedia":[{"embeddable":true,"href":"https:\/\/www.interciencia.net\/pt\/wp-json\/wp\/v2\/media\/5532"}],"wp:attachment":[{"href":"https:\/\/www.interciencia.net\/pt\/wp-json\/wp\/v2\/media?parent=5528"}],"wp:term":[{"taxonomy":"category","embeddable":true,"href":"https:\/\/www.interciencia.net\/pt\/wp-json\/wp\/v2\/categories?post=5528"},{"taxonomy":"post_tag","embeddable":true,"href":"https:\/\/www.interciencia.net\/pt\/wp-json\/wp\/v2\/tags?post=5528"}],"curies":[{"name":"wp","href":"https:\/\/api.w.org\/{rel}","templated":true}]}}