{"id":5452,"date":"2026-04-30T04:31:11","date_gmt":"2026-04-30T04:31:11","guid":{"rendered":"https:\/\/www.interciencia.net\/pt\/?p=5452"},"modified":"2026-05-01T02:30:43","modified_gmt":"2026-05-01T02:30:43","slug":"volumen-51-numero-04","status":"publish","type":"post","link":"https:\/\/www.interciencia.net\/pt\/volume-51-2026\/volumen-51-numero-04\/","title":{"rendered":"Volume 51 Edi\u00e7ao 04"},"content":{"rendered":"<table width=\"100%\">\n<tbody>\n<tr>\n<td colspan=\"2\"><strong>\/Editorial\/<\/strong><\/td>\n<\/tr>\n<tr>\n<td>\n<p class=\"small\">Yajaira Freites<\/p>\n<p>SETENTA E SEIS ANOS DA ASSOCIA\u00c7\u00c3O VENEZUELANA PARA O AVAN\u00c7O DA CI\u00caNCIA (ASOVAC)<\/p>\n<\/td>\n<td style=\"text-align: center; vertical-align: middle;\" width=\"20%\"><a href=\"https:\/\/www.interciencia.net\/pt\/files\/2026\/05\/0B-EDITORIAL_v51n4-pt.pdf\" target=\"_blank\" rel=\"noopener noreferrer\">159<\/a><\/td>\n<\/tr>\n<tr>\n<td colspan=\"2\"><strong>\/Artigos\/<\/strong><\/td>\n<\/tr>\n<tr>\n<td>\n<p class=\"small\">Marjorie S\u00e1muel, Danilo D\u00edaz-Levicoy, Denisse Aviles-Henn e Yudi Caterine Diaz-Perdomo<\/p>\n<p>PROCESSOS DE RACIOC\u00cdNIO E VISUALIZA\u00c7\u00c3O MOSTRADOS POR CRIAN\u00c7AS EM IDADE PR\u00c9-ESCOLAR AO RESOLVER TAREFAS DE SIMETRIA AXIAL (em espanhol)<\/p>\n<\/td>\n<td style=\"text-align: center; vertical-align: middle;\"><a href=\"https:\/\/www.interciencia.net\/wp-content\/uploads\/2026\/04\/01_7330_A_Diaz_Levicoy_v51n4_10.pdf\" target=\"_blank\" rel=\"noopener noreferrer\">160<\/a><\/td>\n<\/tr>\n<tr>\n<td>\n<p class=\"small\">David \u00c1lvarez-Maldonado, Juan Carlos Armijos, Luis Felipe Vergara Maldonado, Rafael Romero-Meza, V\u00edctor Y\u00e1\u00f1ez Jara, Nicol\u00e1s Barrientos Oradini, Joan Boada-Grau e Carmen P\u00e9nnanen Arias<\/p>\n<p>VALIDA\u00c7\u00c3O DE UMA ESCALA DE PERCEP\u00c7\u00c3O DO CLIMA DE SIL\u00caNCIO ORGANIZACIONAL (em ingl\u00eas)<\/p>\n<\/td>\n<td style=\"text-align: center; vertical-align: middle;\"><a href=\"https:\/\/www.interciencia.net\/wp-content\/uploads\/2026\/04\/02_7442_A_Alvarez_Maldonado_v51n4_8.pdf\" target=\"_blank\" rel=\"noopener noreferrer\">170<\/a><\/td>\n<\/tr>\n<tr>\n<td>\n<p class=\"small\">Pedro Severino-Gonz\u00e1lez, Mat\u00edas Jara-Moraga, Benjam\u00edn Mu\u00f1oz-Romero, Violeta Rojas-Bravo, Walter Calder\u00f3n-Morales, Gerardo Zapata-Chero e Guipsy Rebolledo-Aburto<\/p>\n<p>RESPONSABILIDADE SOCIAL CORPORATIVA NA IND\u00daSTRIA DA MODA: EVID\u00caNCIAS DE ESTUDANTES UNIVERSIT\u00c1RIOS NO CHILE (em ingl\u00eas)<\/p>\n<\/td>\n<td style=\"text-align: center; vertical-align: middle;\"><a href=\"https:\/\/www.interciencia.net\/wp-content\/uploads\/2026\/04\/03_7444_A_Severino_v51n4_9.pdf\" target=\"_blank\" rel=\"noopener noreferrer\">178<\/a><\/td>\n<\/tr>\n<tr>\n<td>\n<p class=\"small\">Pedro Sotomayor Soloaga, Esteban Toledo P\u00e9rez de Arce, Marcos Parada Ulloa, Eddy Paz-Maldonado, Alberto Riquelme Arriagada e Miguel Gallegos<\/p>\n<p>DESAFIOS E RESILI\u00caNCIA DE UNIVERSIT\u00c1RIOS COM RESPONSABILIDADES PARENTAIS E LABORAIS: ESTADO DA ARTE (em espanhol)<\/p>\n<\/td>\n<td style=\"text-align: center; vertical-align: middle;\"><a href=\"https:\/\/www.interciencia.net\/wp-content\/uploads\/2026\/04\/04_7445_A_Sotomayor_v51n4_9.pdf\" target=\"_blank\" rel=\"noopener noreferrer\">187<\/a><\/td>\n<\/tr>\n<tr>\n<td colspan=\"2\"><strong>\/Comunica\u00e7\u00f5es\/<\/strong><\/td>\n<\/tr>\n<tr>\n<td>\n<p class=\"small\">Alejandro Cuadra-Peralta, Dina Conde Llanes, Lorena P. Gallardo-Peralta, Oscar Ochoa de la Maza Daudet, Ernesto Montufar-Mazuelos e Constanza Beloso-Besio<\/p>\n<p>FATORES ASSOCIADOS \u00c0 SATISFA\u00c7\u00c3O COM A VIDA EM PESSOAS IDOSAS RESIDENTES NO CHILE (em espanhol)<\/p>\n<\/td>\n<td style=\"text-align: center; vertical-align: middle;\"><a href=\"https:\/\/www.interciencia.net\/wp-content\/uploads\/2026\/04\/05_7380_Com_Cuadra-Peralta_v51n4_8.pdf\" target=\"_blank\" rel=\"noopener noreferrer\">196<\/a><\/td>\n<\/tr>\n<tr>\n<td colspan=\"2\"><strong>\/Ensaios\/<\/strong><\/td>\n<\/tr>\n<tr>\n<td>\n<p class=\"small\">Elizabeth Montanares-Vargas e Bastian Carter-Thuillier<\/p>\n<p>PENSAMENTO HIST\u00d3RICO, FORMA\u00c7\u00c3O DOCENTE E CIDADANIA GLOBAL EM CONTEXTOS DE CONFLITO: DESAFIOS NA MACROZONA SUL DO CHILE (en espa\u00f1ol)<\/p>\n<\/td>\n<td style=\"text-align: center; vertical-align: middle;\"><a href=\"https:\/\/www.interciencia.net\/wp-content\/uploads\/2026\/04\/06_7446_E_Carter_v51n4_8.pdf\" target=\"_blank\" rel=\"noopener noreferrer\">204<\/a><\/td>\n<\/tr>\n<\/tbody>\n<\/table>\n\n\n<p><\/p>\n","protected":false},"excerpt":{"rendered":"<p>\/Editorial\/ Yajaira Freites SETENTA E SEIS ANOS DA ASSOCIA\u00c7\u00c3O VENEZUELANA PARA O AVAN\u00c7O DA CI\u00caNCIA (ASOVAC) 159 \/Artigos\/ Marjorie S\u00e1muel, Danilo D\u00edaz-Levicoy, Denisse Aviles-Henn e Yudi Caterine Diaz-Perdomo PROCESSOS DE RACIOC\u00cdNIO E VISUALIZA\u00c7\u00c3O MOSTRADOS POR CRIAN\u00c7AS EM IDADE PR\u00c9-ESCOLAR AO RESOLVER TAREFAS DE SIMETRIA AXIAL (em espanhol) 160 David \u00c1lvarez-Maldonado, Juan Carlos Armijos, Luis Felipe [&hellip;]<\/p>\n","protected":false},"author":1,"featured_media":5453,"comment_status":"closed","ping_status":"open","sticky":false,"template":"","format":"standard","meta":[],"categories":[449],"tags":[],"_links":{"self":[{"href":"https:\/\/www.interciencia.net\/pt\/wp-json\/wp\/v2\/posts\/5452"}],"collection":[{"href":"https:\/\/www.interciencia.net\/pt\/wp-json\/wp\/v2\/posts"}],"about":[{"href":"https:\/\/www.interciencia.net\/pt\/wp-json\/wp\/v2\/types\/post"}],"author":[{"embeddable":true,"href":"https:\/\/www.interciencia.net\/pt\/wp-json\/wp\/v2\/users\/1"}],"replies":[{"embeddable":true,"href":"https:\/\/www.interciencia.net\/pt\/wp-json\/wp\/v2\/comments?post=5452"}],"version-history":[{"count":4,"href":"https:\/\/www.interciencia.net\/pt\/wp-json\/wp\/v2\/posts\/5452\/revisions"}],"predecessor-version":[{"id":5463,"href":"https:\/\/www.interciencia.net\/pt\/wp-json\/wp\/v2\/posts\/5452\/revisions\/5463"}],"wp:featuredmedia":[{"embeddable":true,"href":"https:\/\/www.interciencia.net\/pt\/wp-json\/wp\/v2\/media\/5453"}],"wp:attachment":[{"href":"https:\/\/www.interciencia.net\/pt\/wp-json\/wp\/v2\/media?parent=5452"}],"wp:term":[{"taxonomy":"category","embeddable":true,"href":"https:\/\/www.interciencia.net\/pt\/wp-json\/wp\/v2\/categories?post=5452"},{"taxonomy":"post_tag","embeddable":true,"href":"https:\/\/www.interciencia.net\/pt\/wp-json\/wp\/v2\/tags?post=5452"}],"curies":[{"name":"wp","href":"https:\/\/api.w.org\/{rel}","templated":true}]}}