{"id":5293,"date":"2025-03-04T23:12:13","date_gmt":"2025-03-04T23:12:13","guid":{"rendered":"https:\/\/www.interciencia.net\/pt\/?p=5293"},"modified":"2025-06-25T16:44:22","modified_gmt":"2025-06-25T16:44:22","slug":"volumen-50-numero-03","status":"publish","type":"post","link":"https:\/\/www.interciencia.net\/pt\/anteriores\/volumen-50-numero-03\/","title":{"rendered":"Volume 50 Edi\u00e7ao 03"},"content":{"rendered":"<table width=\"100%\">\n<tbody>\n<tr>\n<td colspan=\"2\"><strong>\/Editorial\/<\/strong><\/td>\n<\/tr>\n<tr>\n<td>\n<p class=\"small\">Ana Raquel Pic\u00f3n \u00c1vila<\/p>\n<p>A CONVERG\u00caNCIA DA ARTE E DAS CI\u00caNCIAS NO FUTURO DA HUMANIDADE<\/p>\n<\/td>\n<td style=\"text-align: center; vertical-align: middle;\" width=\"20%\"><a href=\"https:\/\/www.interciencia.net\/pt\/files\/2025\/04\/0B-EDITORIAL_v50n3-pt.pdf\" target=\"_blank\" rel=\"noopener noreferrer\">123<\/a><\/td>\n<\/tr>\n<tr>\n<td colspan=\"2\"><strong>\/Artigos\/<\/strong><\/td>\n<\/tr>\n<tr>\n<td>\n<p class=\"small\">Karina Carrasco-Jeldres e Mariana Lazzaro-Salazar<\/p>\n<p>A EDUCA\u00c7\u00c3O ART\u00cdSTICA E PATRIMONIAL COMO FERRAMENTA DE PRESERVA\u00c7\u00c3O DO PATRIM\u00d3NIO ECOCULTURAL NO CONTEXTO DAS ALTERA\u00c7\u00d5ES CLIM\u00c1TICAS: UMA REVIS\u00c3O BIBLIOGR\u00c1FICA DA LITERATURA (em espanhol)<\/p>\n<\/td>\n<td style=\"text-align: center; vertical-align: middle;\">\n<p><a href=\"https:\/\/www.interciencia.net\/wp-content\/uploads\/2025\/06\/01_7304_A_Carrasco_v50n3_8-para-sustituir.pdf\" target=\"_blank\" rel=\"noopener noreferrer\">124<\/a><\/p>\n<\/td>\n<\/tr>\n<tr>\n<td>\n<p class=\"small\">Tri Hardi, Syarif Imam Hidayat, Hamidah Hendrarini e Taufik Setyadi<\/p>\n<p>PRODUTIVIDADE NOS ARMAZ\u00c9NS DA AGROIND\u00daSTRIA DE LATIC\u00cdNIOS: FATORES DETERMINANTES (em ingl\u00eas)<\/p>\n<\/td>\n<td style=\"text-align: center; vertical-align: middle;\">\n<p><a href=\"https:\/\/www.interciencia.net\/wp-content\/uploads\/2025\/04\/02_7241_A_Hardi_v50n3_7.pdf\" target=\"_blank\" rel=\"noopener noreferrer\">132<\/a><\/p>\n<\/td>\n<\/tr>\n<tr>\n<td>\n<p class=\"small\">Carolina Rojas Aguilar, Claudia Concha Sald\u00edas e Gerardo S\u00e1nchez S\u00e1nchez<\/p>\n<p>ARTICULANDO A UNIVERSIDADE NO TERRIT\u00d3RIO: A TROCA SOLID\u00c1RIA COMO EXPERI\u00caNCIA DE INOVA\u00c7\u00c3O SOCIAL EM TEMPOS DE PANDEMIA (em espanhol)<\/p>\n<\/td>\n<td style=\"text-align: center; vertical-align: middle;\">\n<p><a href=\"https:\/\/www.interciencia.net\/wp-content\/uploads\/2025\/04\/03_7286_A_Rojas_v50n3_7.pdf\" target=\"_blank\" rel=\"noopener noreferrer\">139<\/a><\/p>\n<\/td>\n<\/tr>\n<tr>\n<td colspan=\"2\"><strong>\/Comunica\u00e7\u00f5es\/<\/strong><\/td>\n<\/tr>\n<tr>\n<td>\n<p class=\"small\">Mervin Juan Ch\u00e1vez-Ruiz, Ghenkis A. Ezcurra-Zavaleta, Elizabeth Emperatriz Garc\u00eda-Salirrosas e Jes\u00fas Fernando Bejarano-Auqui<\/p>\n<p>AN\u00c1LISE DE VALIDADE E CONFIABILIDADE DE UMA ESCALA DE ALFABETIZA\u00c7\u00c3O FINANCEIRA EM ESTUDANTES UNIVERSIT\u00c1RIOS DO PERU (em ingl\u00eas)<\/p>\n<\/td>\n<td style=\"text-align: center; vertical-align: middle;\"><a href=\"https:\/\/www.interciencia.net\/wp-content\/uploads\/2025\/04\/04_7209_Com_Chavez_v50n3_8-para-sustituir-web.pdf\" target=\"_blank\" rel=\"noopener noreferrer\">146<\/a><\/td>\n<\/tr>\n<tr>\n<td>\n<p class=\"small\">Francisco Rodr\u00edguez-Alveal e Danilo D\u00edaz-Levicoy<\/p>\n<p>AVALIA\u00c7\u00d5ES EM ESTAT\u00cdSTICA NA FORMA\u00c7\u00c3O DE PROFESSORES DE MATEM\u00c1TICA: UMA ABORDAGEM PARA ALFABETIZA\u00c7\u00c3O E PENSAMENTO ESTAT\u00cdSTICO (em espa\u00f1ol)<\/p>\n<\/td>\n<td style=\"text-align: center; vertical-align: middle;\"><a href=\"https:\/\/www.interciencia.net\/wp-content\/uploads\/2025\/04\/05_7242_Com_Rodriguez_Alveal_v50n3_8.pdf\" target=\"_blank\" rel=\"noopener noreferrer\">154<\/a><\/td>\n<\/tr>\n<tr>\n<td>\n<p class=\"small\">Sonia De Castro Flos, Beatriz Sora-Miana, Francisco Ganga, David \u00c1lvarez-Maldonado, Carlos Aparicio Puentes e Nicol\u00e1s Barrientos Oradini<\/p>\n<p>O EFEITO MODULADOR DO MINDFULNESS NA RELA\u00c7\u00c3O ENTRE AS CARACTER\u00cdSTICAS DO TRABALHO E A S\u00cdNDROME DE BURNOUT (em ingl\u00eas)<\/p>\n<\/td>\n<td style=\"text-align: center; vertical-align: middle;\"><a href=\"https:\/\/www.interciencia.net\/wp-content\/uploads\/2025\/04\/06_7318_Com_Ganga_v50n3_14pra-sustituir-en-web.pdf\" target=\"_blank\" rel=\"noopener noreferrer\">163<\/a><\/td>\n<\/tr>\n<tr>\n<td>\n<p class=\"small\">Glenis Bibiana \u00c1lvarez Quiroz, Miguel \u00c1ngel Palomino Hawasly e Julio Jos\u00e9 Rangel Velloj\u00edn<\/p>\n<p>NARRATIVAS DIGITAIS SOBRE CYBERBULLYING, SEXTING E <em>GROOMING<\/em>\u00a0EM ESTUDANTES UNIVERSIT\u00c1RIOS: DESENVOLVIMENTO DE UMA PLATAFORMA PARA SUA VISUALIZA\u00c7\u00c3O (em espanhol)<\/p>\n<\/td>\n<td style=\"text-align: center; vertical-align: middle;\"><a href=\"https:\/\/www.interciencia.net\/wp-content\/uploads\/2025\/04\/07_7270_Com_Palomino_v50n3_10.pdf\" target=\"_blank\" rel=\"noopener noreferrer\">176<\/a><\/td>\n<\/tr>\n<\/tbody>\n<\/table>\n\n\n<p><\/p>\n","protected":false},"excerpt":{"rendered":"<p>\/Editorial\/ Ana Raquel Pic\u00f3n \u00c1vila A CONVERG\u00caNCIA DA ARTE E DAS CI\u00caNCIAS NO FUTURO DA HUMANIDADE 123 \/Artigos\/ Karina Carrasco-Jeldres e Mariana Lazzaro-Salazar A EDUCA\u00c7\u00c3O ART\u00cdSTICA E PATRIMONIAL COMO FERRAMENTA DE PRESERVA\u00c7\u00c3O DO PATRIM\u00d3NIO ECOCULTURAL NO CONTEXTO DAS ALTERA\u00c7\u00d5ES CLIM\u00c1TICAS: UMA REVIS\u00c3O BIBLIOGR\u00c1FICA DA LITERATURA (em espanhol) 124 Tri Hardi, Syarif Imam Hidayat, Hamidah Hendrarini [&hellip;]<\/p>\n","protected":false},"author":1,"featured_media":5294,"comment_status":"closed","ping_status":"open","sticky":false,"template":"","format":"standard","meta":[],"categories":[53,447],"tags":[],"_links":{"self":[{"href":"https:\/\/www.interciencia.net\/pt\/wp-json\/wp\/v2\/posts\/5293"}],"collection":[{"href":"https:\/\/www.interciencia.net\/pt\/wp-json\/wp\/v2\/posts"}],"about":[{"href":"https:\/\/www.interciencia.net\/pt\/wp-json\/wp\/v2\/types\/post"}],"author":[{"embeddable":true,"href":"https:\/\/www.interciencia.net\/pt\/wp-json\/wp\/v2\/users\/1"}],"replies":[{"embeddable":true,"href":"https:\/\/www.interciencia.net\/pt\/wp-json\/wp\/v2\/comments?post=5293"}],"version-history":[{"count":5,"href":"https:\/\/www.interciencia.net\/pt\/wp-json\/wp\/v2\/posts\/5293\/revisions"}],"predecessor-version":[{"id":5328,"href":"https:\/\/www.interciencia.net\/pt\/wp-json\/wp\/v2\/posts\/5293\/revisions\/5328"}],"wp:featuredmedia":[{"embeddable":true,"href":"https:\/\/www.interciencia.net\/pt\/wp-json\/wp\/v2\/media\/5294"}],"wp:attachment":[{"href":"https:\/\/www.interciencia.net\/pt\/wp-json\/wp\/v2\/media?parent=5293"}],"wp:term":[{"taxonomy":"category","embeddable":true,"href":"https:\/\/www.interciencia.net\/pt\/wp-json\/wp\/v2\/categories?post=5293"},{"taxonomy":"post_tag","embeddable":true,"href":"https:\/\/www.interciencia.net\/pt\/wp-json\/wp\/v2\/tags?post=5293"}],"curies":[{"name":"wp","href":"https:\/\/api.w.org\/{rel}","templated":true}]}}