{"id":5120,"date":"2024-01-31T02:09:37","date_gmt":"2024-01-31T02:09:37","guid":{"rendered":"https:\/\/www.interciencia.net\/pt\/?p=5120"},"modified":"2024-03-04T23:17:44","modified_gmt":"2024-03-04T23:17:44","slug":"volumen-49-numero-01","status":"publish","type":"post","link":"https:\/\/www.interciencia.net\/pt\/anteriores\/volumen-49-numero-01\/","title":{"rendered":"Volume 49 Edi\u00e7ao 01"},"content":{"rendered":"<table width=\"100%\">\n<tbody>\n<tr>\n<td colspan=\"2\"><strong>\/Editorial\/<\/strong><\/td>\n<\/tr>\n<tr>\n<td>\n<p class=\"small\">Jorge Luis Lozada Gonz\u00e1lez<\/p>\n<p>DIREITO AMBIENTAL: DEMOCRACIA AMBIENTAL E A PROTE\u00c7\u00c3O DA AMAZ\u00d4NIA<\/p>\n<\/td>\n<td style=\"text-align: center; vertical-align: middle;\" width=\"20%\"><a href=\"https:\/\/www.interciencia.net\/pt\/files\/2024\/02\/0B-EDITORIAL_v49n1-pt.pdf\" target=\"_blank\" rel=\"noopener noreferrer\">7<\/a><\/td>\n<\/tr>\n<tr>\n<td colspan=\"2\"><strong>\/Artigos\/<\/strong><\/td>\n<\/tr>\n<tr>\n<td>\n<p class=\"small\">Francisco Ganga-Contreras, Wendolin Suarez-Amaya, Nancy Alarc\u00f3n-Henr\u00edquez, Patricio Viancos-Gonz\u00e1lez, Fernando Henr\u00edquez-Fuentes e Juan Abello-Romero<\/p>\n<p>PRODU\u00c7\u00c3O CIENT\u00cdFICA SOBRE A RELA\u00c7\u00c3O ENTRE LIDERAN\u00c7A, ENSINO SUPERIOR E TRANSFORMA\u00c7\u00c3O DIGITAL: UMA AN\u00c1LISE BIBLIOM\u00c9TRICA (em ingl\u00eas)<\/p>\n<\/td>\n<td style=\"text-align: center; vertical-align: middle;\"><a href=\"https:\/\/www.interciencia.net\/wp-content\/uploads\/2024\/02\/01_7087_A_Suarez_v49n1_11.pdf\" target=\"_blank\" rel=\"noopener noreferrer\">8<\/a><\/td>\n<\/tr>\n<tr>\n<td>\n<p class=\"small\">Sandra Milena Bueno P\u00e9rez, Olga Lucia Lora Diaz, Yelitza Paola Vergara Espa\u00f1a e Aura Isabel Mart\u00ednez Fl\u00f3rez<\/p>\n<p>DESENVOLVIMENTO DE UM PETISCO DE GUAIABA (<em>Psidium guajava<\/em>) FORTIFICADO COM FERRO E \u00c1CIDO ASC\u00d3BICO (em espanhol)<\/p>\n<\/td>\n<td style=\"text-align: center; vertical-align: middle;\"><a href=\"https:\/\/www.interciencia.net\/wp-content\/uploads\/2024\/02\/02_7057_A_Bueno_v49n1_7.pdf\" target=\"_blank\" rel=\"noopener noreferrer\">19<\/a><\/td>\n<\/tr>\n<tr>\n<td>\n<p class=\"small\">Marlon Farf\u00e1n-C\u00f3rdova e Jorge D\u00edaz-Ortega<\/p>\n<p>AUTOCURA BACTERIANA DO CONCRETO: UMA REVIS\u00c3O DO ESCOPO (em espanhol)<\/p>\n<\/td>\n<td style=\"text-align: center; vertical-align: middle;\"><a href=\"https:\/\/www.interciencia.net\/wp-content\/uploads\/2024\/02\/03_7082_A_Farfan_v49n1_9_web.pdf\" target=\"_blank\" rel=\"noopener noreferrer\">26<\/a><\/td>\n<\/tr>\n<tr>\n<td colspan=\"2\"><strong>\/Comunica\u00e7\u00f5es\/<\/strong><\/td>\n<\/tr>\n<tr>\n<td>\n<p class=\"small\">Juan Carlos\u00a0 Checa Olmos e Montserrat Monserrat Hern\u00e1ndez<\/p>\n<p>AUTOCUIDADO NA ADOLESC\u00caNCIA: PERCEP\u00c7\u00d5ES DE PROFESSORES QUE TRABALHAM EM ESCOLAS P\u00daBLICAS ESPANHOLAS E SUBSIDIADAS PELO ESTADO (em espanhol)<\/p>\n<\/td>\n<td style=\"text-align: center; vertical-align: middle;\"><a href=\"https:\/\/www.interciencia.net\/wp-content\/uploads\/2024\/02\/04_7025_Com_Checa_v49n1_8.pdf\" target=\"_blank\" rel=\"noopener noreferrer\">35<\/a><\/td>\n<\/tr>\n<tr>\n<td>\n<p class=\"small\">Adriana Basilio-Apolinar, Luis Eugenio Gonz\u00e1lez-de la Vara, Jorge Covarrubias-Prieto, J. Gabriel Ram\u00edrez-Pimentel, Cesar L. Aguirre-Mancilla, Gabriel Iturriaga e Juan Carlos Raya-P\u00e9rez<\/p>\n<p>O SIL\u00cdCIO INDUZ A POLIUBIQUITINA E A PEROXIDASE E AUMENTA O TEOR DE PROTE\u00cdNA E FENOL NO PAIN\u00c7O PROSO (em ingl\u00eas)<\/p>\n<\/td>\n<td style=\"text-align: center; vertical-align: middle;\"><a href=\"https:\/\/www.interciencia.net\/wp-content\/uploads\/2024\/02\/05_7061_Com_Raya_Perez_v49n1_9.pdf\" target=\"_blank\" rel=\"noopener noreferrer\">43<\/a><\/td>\n<\/tr>\n<tr>\n<td>\n<p class=\"small\">Jimena Alarc\u00f3n Castro, Florencia Alarc\u00f3n Carrasco e Camila Jara Alvear<\/p>\n<p>MATERIAIS DE TRANSI\u00c7\u00c3O, UMA ABORDAGEM COM FOCO NA VALORIZA\u00c7\u00c3O DE RES\u00cdDUOS DA IND\u00daSTRIA MADEIREIRA (em espanhol)<\/p>\n<\/td>\n<td style=\"text-align: center; vertical-align: middle;\"><a href=\"https:\/\/www.interciencia.net\/wp-content\/uploads\/2024\/02\/06_7115_Com_Alarcon_v49n1_8.pdf\" target=\"_blank\" rel=\"noopener noreferrer\">52<\/a><\/td>\n<\/tr>\n<tr>\n<td>\n<p class=\"small\">Felipe Lillo, Leidy Garc\u00eda e Pedro Severino-Gonz\u00e1lez<\/p>\n<p>MODELO DE APRENDIZAGEM DE M\u00c1QUINA PARA PREDI\u00c7\u00c3O DE RESULTADOS DE ESCOLAS PRIM\u00c1RIAS COM BASE EM INFORMA\u00c7\u00d5ES ESPACIAIS, SOCIODEMOGR\u00c1FICAS E RELACIONADAS \u00c0 ESCOLA (em ingl\u00eas)<\/p>\n<\/td>\n<td style=\"text-align: center; vertical-align: middle;\"><a href=\"https:\/\/www.interciencia.net\/wp-content\/uploads\/2024\/02\/07_7104_Com_Severino_v49n1_8.pdf\" target=\"_blank\" rel=\"noopener noreferrer\">60<\/a><\/td>\n<\/tr>\n<\/tbody>\n<\/table>\n\n\n<p><\/p>\n","protected":false},"excerpt":{"rendered":"<p>\/Editorial\/ Jorge Luis Lozada Gonz\u00e1lez DIREITO AMBIENTAL: DEMOCRACIA AMBIENTAL E A PROTE\u00c7\u00c3O DA AMAZ\u00d4NIA 7 \/Artigos\/ Francisco Ganga-Contreras, Wendolin Suarez-Amaya, Nancy Alarc\u00f3n-Henr\u00edquez, Patricio Viancos-Gonz\u00e1lez, Fernando Henr\u00edquez-Fuentes e Juan Abello-Romero PRODU\u00c7\u00c3O CIENT\u00cdFICA SOBRE A RELA\u00c7\u00c3O ENTRE LIDERAN\u00c7A, ENSINO SUPERIOR E TRANSFORMA\u00c7\u00c3O DIGITAL: UMA AN\u00c1LISE BIBLIOM\u00c9TRICA (em ingl\u00eas) 8 Sandra Milena Bueno P\u00e9rez, Olga Lucia Lora Diaz, [&hellip;]<\/p>\n","protected":false},"author":1,"featured_media":5121,"comment_status":"closed","ping_status":"open","sticky":false,"template":"","format":"standard","meta":[],"categories":[53,445],"tags":[],"_links":{"self":[{"href":"https:\/\/www.interciencia.net\/pt\/wp-json\/wp\/v2\/posts\/5120"}],"collection":[{"href":"https:\/\/www.interciencia.net\/pt\/wp-json\/wp\/v2\/posts"}],"about":[{"href":"https:\/\/www.interciencia.net\/pt\/wp-json\/wp\/v2\/types\/post"}],"author":[{"embeddable":true,"href":"https:\/\/www.interciencia.net\/pt\/wp-json\/wp\/v2\/users\/1"}],"replies":[{"embeddable":true,"href":"https:\/\/www.interciencia.net\/pt\/wp-json\/wp\/v2\/comments?post=5120"}],"version-history":[{"count":3,"href":"https:\/\/www.interciencia.net\/pt\/wp-json\/wp\/v2\/posts\/5120\/revisions"}],"predecessor-version":[{"id":5134,"href":"https:\/\/www.interciencia.net\/pt\/wp-json\/wp\/v2\/posts\/5120\/revisions\/5134"}],"wp:featuredmedia":[{"embeddable":true,"href":"https:\/\/www.interciencia.net\/pt\/wp-json\/wp\/v2\/media\/5121"}],"wp:attachment":[{"href":"https:\/\/www.interciencia.net\/pt\/wp-json\/wp\/v2\/media?parent=5120"}],"wp:term":[{"taxonomy":"category","embeddable":true,"href":"https:\/\/www.interciencia.net\/pt\/wp-json\/wp\/v2\/categories?post=5120"},{"taxonomy":"post_tag","embeddable":true,"href":"https:\/\/www.interciencia.net\/pt\/wp-json\/wp\/v2\/tags?post=5120"}],"curies":[{"name":"wp","href":"https:\/\/api.w.org\/{rel}","templated":true}]}}