{"id":4976,"date":"2023-02-28T00:22:24","date_gmt":"2023-02-28T00:22:24","guid":{"rendered":"https:\/\/www.interciencia.net\/pt\/?p=4976"},"modified":"2023-04-02T02:04:49","modified_gmt":"2023-04-02T02:04:49","slug":"volumen-48-numero-02","status":"publish","type":"post","link":"https:\/\/www.interciencia.net\/pt\/anteriores\/volumen-48-numero-02\/","title":{"rendered":"Volume 48 Edi\u00e7ao 02"},"content":{"rendered":"<table width=\"100%\">\n<tbody>\n<tr>\n<td colspan=\"2\"><strong>\/Editorial\/<\/strong><\/td>\n<\/tr>\n<tr>\n<td>\n<p class=\"small\">Gilberto Pic\u00f3n Medina<\/p>\n<p>CI\u00caNCIA, EDUCA\u00c7\u00c3O E DEMOCRACIA<\/p>\n<\/td>\n<td style=\"text-align: center; vertical-align: middle;\" width=\"20%\"><a href=\"https:\/\/www.interciencia.net\/pt\/files\/2023\/02\/0B-EDITORIAL_v48n2_pt.pdf\" target=\"_blank\" rel=\"noopener noreferrer\">75<\/a><\/td>\n<\/tr>\n<tr>\n<td colspan=\"2\"><strong>\/Artigos\/<\/strong><\/td>\n<\/tr>\n<tr>\n<td>\n<p class=\"small\">Mercedes Borja-Bravo, Jos\u00e9 A. Garc\u00eda-Salazar, Sergio Arellano-Arciniega, Silvia X. Almeraya-Quintero e Lenin G. Guajardo-Hern\u00e1ndez<\/p>\n<p>EFEITOS DA SECA NO MERCADO MEXICANO DE FEIJ\u00c3O (em ingl\u00eas)<\/p>\n<\/td>\n<td style=\"text-align: center; vertical-align: middle;\"><a href=\"https:\/\/www.interciencia.net\/wp-content\/uploads\/2023\/02\/01_6936_A_Garcia_Salazar_v48n2_7.pdf\" target=\"_blank\" rel=\"noopener noreferrer\">76<\/a><\/td>\n<\/tr>\n<tr>\n<td colspan=\"2\"><strong>\/Comunica\u00e7\u00f5es\/<\/strong><\/td>\n<\/tr>\n<tr>\n<td>\n<p class=\"small\">Adriana Hern\u00e1ndez Santana, Mayra M\u00e1rquez-Gonz\u00e1lez, Jos\u00e9 Oscar Murillo, Walter Guardado e Dalila Sierra<\/p>\n<p>A TECNOLOGIA SOLAR COMO ALTERNATIVA INOVADORA PARA UM CONSUMO DE \u00c1GUA DE QUALIDADE: A EXPERI\u00caNCIA HONDURENHA EM COMUNIDADES RURAIS (em ingl\u00eas)<\/p>\n<\/td>\n<td style=\"text-align: center; vertical-align: middle;\"><a href=\"https:\/\/www.interciencia.net\/wp-content\/uploads\/2023\/02\/02_6915_Com_Hernandez_Santana_v48n2_5.pdf\" target=\"_blank\" rel=\"noopener noreferrer\">83<\/a><\/td>\n<\/tr>\n<tr>\n<td>\n<p class=\"small\">Karen Rossana Ram\u00edrez Alfonso, Guillermo Andr\u00e9s Zambrano Mohauad e Adriana Patricia Santos Ord\u00f3\u00f1ez<\/p>\n<p>AVALIA\u00c7\u00c3O PARTICIPATIVA DA VULNERABILIDADE DOS PEQUENOS PRODUTORES DE ARROZ EM SANTA L\u00daCIA \u2013 EQUADOR (em espanhol)<\/p>\n<\/td>\n<td style=\"text-align: center; vertical-align: middle;\"><a href=\"https:\/\/www.interciencia.net\/wp-content\/uploads\/2023\/02\/03_6822_Com_Ramirez_v48n2_8.pdf\" target=\"_blank\" rel=\"noopener noreferrer\">88<\/a><\/td>\n<\/tr>\n<tr>\n<td>\n<p class=\"small\">Mar\u00eda-Carla Morales-G\u00f3mez, Samuel Fuentealba-P\u00e9rez, Paulina Araya Galarce, Gonzalo Rodr\u00edguez Yala e Carol Z\u00fa\u00f1iga Mamani<\/p>\n<p>AVALIA\u00c7\u00c3O DAS PROPRIEDADES PSICOM\u00c9TRICAS DO SENTIDO DE COMUNIDADE (<em>SENSE OF COMMUNITY INDEX 2<\/em>) E DOS QUESTION\u00c1RIOS DE FIXA\u00c7\u00c3O DE LUGARES (em espanhol)<\/p>\n<\/td>\n<td style=\"text-align: center; vertical-align: middle;\"><a href=\"https:\/\/www.interciencia.net\/wp-content\/uploads\/2023\/02\/04_6837_Com_Morales_v48n2_6.pdf\" target=\"_blank\" rel=\"noopener noreferrer\">96<\/a><\/td>\n<\/tr>\n<tr>\n<td colspan=\"2\"><strong>\/Ensaios\/<\/strong><\/td>\n<\/tr>\n<tr>\n<td>\n<p class=\"small\">Vania Cruz Palacios e Juan Pablo Mart\u00ednez D\u00e1vila<\/p>\n<p>O AGROECOSSISTEMA COMO SISTEMA SOCIAL (em espanhol)<\/p>\n<\/td>\n<td style=\"text-align: center; vertical-align: middle;\"><a href=\"https:\/\/www.interciencia.net\/wp-content\/uploads\/2023\/02\/05_6922_E_Martinez_Davila_v48n2_7.pdf\" target=\"_blank\" rel=\"noopener noreferrer\">102<\/a><\/td>\n<\/tr>\n<tr>\n<td>\n<p class=\"small\">Lidiane Andressa Cavalcante Uhlmann, Geraldo Mendes dos Santos e Fernando Mayer Pelicice<\/p>\n<p>O ORGANISMO, SUA INDIVIDUALIDADE, E IMPLICA\u00c7\u00d5ES PARA A ECOLOGIA (em portugues)<\/p>\n<\/td>\n<td style=\"text-align: center; vertical-align: middle;\"><a href=\"https:\/\/www.interciencia.net\/wp-content\/uploads\/2023\/04\/06_-6835_E_Pelicice_v48n2_10NUEVO.pdf\" target=\"_blank\" rel=\"noopener noreferrer\">109<\/a><\/td>\n<\/tr>\n<tr>\n<td>\n<p>PR\u00d3XIMAS REUNI\u00d5ES<\/p>\n<\/td>\n<td style=\"text-align: center; vertical-align: middle;\"><a href=\"https:\/\/www.interciencia.net\/wp-content\/uploads\/2023\/02\/07_reuniones_venideras_v48n2_2.pdf\" target=\"_blank\" rel=\"noopener noreferrer\">119<\/a><\/td>\n<\/tr>\n<\/tbody>\n<\/table>\n\n\n<p><\/p>\n","protected":false},"excerpt":{"rendered":"<p>\/Editorial\/ Gilberto Pic\u00f3n Medina CI\u00caNCIA, EDUCA\u00c7\u00c3O E DEMOCRACIA 75 \/Artigos\/ Mercedes Borja-Bravo, Jos\u00e9 A. Garc\u00eda-Salazar, Sergio Arellano-Arciniega, Silvia X. Almeraya-Quintero e Lenin G. Guajardo-Hern\u00e1ndez EFEITOS DA SECA NO MERCADO MEXICANO DE FEIJ\u00c3O (em ingl\u00eas) 76 \/Comunica\u00e7\u00f5es\/ Adriana Hern\u00e1ndez Santana, Mayra M\u00e1rquez-Gonz\u00e1lez, Jos\u00e9 Oscar Murillo, Walter Guardado e Dalila Sierra A TECNOLOGIA SOLAR COMO ALTERNATIVA INOVADORA [&hellip;]<\/p>\n","protected":false},"author":1,"featured_media":4977,"comment_status":"closed","ping_status":"open","sticky":false,"template":"","format":"standard","meta":[],"categories":[53,443],"tags":[],"_links":{"self":[{"href":"https:\/\/www.interciencia.net\/pt\/wp-json\/wp\/v2\/posts\/4976"}],"collection":[{"href":"https:\/\/www.interciencia.net\/pt\/wp-json\/wp\/v2\/posts"}],"about":[{"href":"https:\/\/www.interciencia.net\/pt\/wp-json\/wp\/v2\/types\/post"}],"author":[{"embeddable":true,"href":"https:\/\/www.interciencia.net\/pt\/wp-json\/wp\/v2\/users\/1"}],"replies":[{"embeddable":true,"href":"https:\/\/www.interciencia.net\/pt\/wp-json\/wp\/v2\/comments?post=4976"}],"version-history":[{"count":4,"href":"https:\/\/www.interciencia.net\/pt\/wp-json\/wp\/v2\/posts\/4976\/revisions"}],"predecessor-version":[{"id":5000,"href":"https:\/\/www.interciencia.net\/pt\/wp-json\/wp\/v2\/posts\/4976\/revisions\/5000"}],"wp:featuredmedia":[{"embeddable":true,"href":"https:\/\/www.interciencia.net\/pt\/wp-json\/wp\/v2\/media\/4977"}],"wp:attachment":[{"href":"https:\/\/www.interciencia.net\/pt\/wp-json\/wp\/v2\/media?parent=4976"}],"wp:term":[{"taxonomy":"category","embeddable":true,"href":"https:\/\/www.interciencia.net\/pt\/wp-json\/wp\/v2\/categories?post=4976"},{"taxonomy":"post_tag","embeddable":true,"href":"https:\/\/www.interciencia.net\/pt\/wp-json\/wp\/v2\/tags?post=4976"}],"curies":[{"name":"wp","href":"https:\/\/api.w.org\/{rel}","templated":true}]}}