{"id":4788,"date":"2021-12-13T00:38:48","date_gmt":"2021-12-13T00:38:48","guid":{"rendered":"https:\/\/www.interciencia.net\/pt\/?p=4788"},"modified":"2022-05-10T22:56:14","modified_gmt":"2022-05-10T22:56:14","slug":"volumen-46-numero-12","status":"publish","type":"post","link":"https:\/\/www.interciencia.net\/pt\/anteriores\/volumen-46-numero-12\/","title":{"rendered":"Volume 46 Edi\u00e7ao 12"},"content":{"rendered":"<table width=\"100%\">\n<tbody>\n<tr>\n<td colspan=\"2\"><strong>\/Editorial\/<\/strong><\/td>\n<\/tr>\n<tr>\n<td>\n<p class=\"small\">Miguel Laufer<\/p>\n<p>A AVALIA\u00c7\u00c3O OFICIAL DAS PUBLICA\u00c7\u00d5ES CIENT\u00cdFICAS<\/td>\n<td style=\"text-align: center; vertical-align: middle;\" width=\"20%\"><a href=\"https:\/\/www.interciencia.net\/pt\/files\/2022\/01\/0B-EDITORIAL_v46n12_pt.pdf\" target=\"_blank\" rel=\"noopener noreferrer\">447<\/a><\/td>\n<\/tr>\n<tr>\n<td colspan=\"2\"><strong>\/Comunica\u00e7\u00f5es\/<\/strong><\/td>\n<\/tr>\n<tr>\n<td>\n<p class=\"small\">Jimena Alarc\u00f3n Castro, Javiera Bra\u00f1es Alarc\u00f3n e Josefina Bra\u00f1es Alarc\u00f3n<\/p>\n<p>CENTROS DE CONTROLE DE INC\u00caNDIOS FLORESTAIS NO CHILE: EXPERI\u00caNCIA DE DESENHO ORIENTADO PARA O USU\u00c1RIO (em espanhol)<\/td>\n<td style=\"text-align: center; vertical-align: middle;\"><a href=\"https:\/\/www.interciencia.net\/wp-content\/uploads\/2022\/01\/01_6843_Com_Alarcon_v46n12_7.pdf\" target=\"_blank\" rel=\"noopener noreferrer\">448<\/a><\/td>\n<\/tr>\n<tr>\n<td>\n<p class=\"small\">Pablo Ignacio M\u00e9ndez Bustos, Jaime Andr\u00e9s Fuster Villaseca, Alejandra Andrea Tapia Silva e Jorge L\u00f3pez Castroman<\/p>\n<p>COMPORTAMENTOS SUICIDAS E LES\u00d5ES AUTOPROVOCADAS EM UMA AMOSTRA CL\u00cdNICA DE ADOLESCENTES CHILENOS (em espanhol)<\/td>\n<td style=\"text-align: center; vertical-align: middle;\"><a href=\"https:\/\/www.interciencia.net\/wp-content\/uploads\/2022\/01\/02_6864_Com_Fuster_v46n12_7.pdf\" target=\"_blank\" rel=\"noopener noreferrer\">455<\/a><\/td>\n<\/tr>\n<tr>\n<td>\n<p class=\"small\">Mauricio Bravo-Rojas, Armando Rojas-Jara e Carlos Mondaca-Rojas<\/p>\n<p>LIDERAN\u00c7A DISTRIBU\u00cdDA E SIST\u00caMICA COM RELEV\u00c2NCIA CULTURAL NA EDUCA\u00c7\u00c3O T\u00c9CNICA PROFISSIONAL M\u00c9DIA CHILENA: DESAFIOS E PROPOSTAS PARA A POL\u00cdTICA EDUCACIONAL (em espanhol)<\/td>\n<td style=\"text-align: center; vertical-align: middle;\"><a href=\"https:\/\/www.interciencia.net\/wp-content\/uploads\/2022\/01\/03_6869_Com_Mondaca_v46n12_9.pdf\" target=\"_blank\" rel=\"noopener noreferrer\">462<\/a><\/td>\n<\/tr>\n<tr>\n<td colspan=\"2\"><strong>\/Ensaios\/<\/strong><\/td>\n<\/tr>\n<tr>\n<td>\n<p class=\"small\">Bastian Carter-Thuillier, Francisco Gallardo-Fuentes, Alberto Moreno-Do\u00f1a, Sergio Toro-Arev\u00e1lo e Sebasti\u00e1n Pe\u00f1a-Troncoso<\/p>\n<p>CORPOS NEGADOS, DISCRIMINADOS E INVISIBILIZADOS: SER IMIGRANTE NA ESCOLA DURANTE A PANDEMIA (em espanhol)<\/td>\n<td style=\"text-align: center; vertical-align: middle;\"><a href=\"https:\/\/www.interciencia.net\/wp-content\/uploads\/2022\/01\/04_6865_E_Carter_v46n12_8.pdf\" target=\"_blank\" rel=\"noopener noreferrer\">471<\/a><\/td>\n<\/tr>\n<tr>\n<td>\n<p class=\"small\">Jaime Requena<\/p>\n<p>APOGEU E QUEDA DA PESQUISA CIENT\u00cdFICA NA VENEZUELA (em ingl\u00eas)<\/td>\n<td style=\"text-align: center; vertical-align: middle;\"><a href=\"https:\/\/www.interciencia.net\/wp-content\/uploads\/2022\/01\/05_6889_E_Requena_v46n12_8.pdf\" target=\"_blank\" rel=\"noopener noreferrer\">479<\/a><\/td>\n<\/tr>\n<\/tbody>\n<\/table>\n","protected":false},"excerpt":{"rendered":"<p>\/Editorial\/ Miguel Laufer A AVALIA\u00c7\u00c3O OFICIAL DAS PUBLICA\u00c7\u00d5ES CIENT\u00cdFICAS 447 \/Comunica\u00e7\u00f5es\/ Jimena Alarc\u00f3n Castro, Javiera Bra\u00f1es Alarc\u00f3n e Josefina Bra\u00f1es Alarc\u00f3n CENTROS DE CONTROLE DE INC\u00caNDIOS FLORESTAIS NO CHILE: EXPERI\u00caNCIA DE DESENHO ORIENTADO PARA O USU\u00c1RIO (em espanhol) 448 Pablo Ignacio M\u00e9ndez Bustos, Jaime Andr\u00e9s Fuster Villaseca, Alejandra Andrea Tapia Silva e Jorge L\u00f3pez Castroman [&hellip;]<\/p>\n","protected":false},"author":1,"featured_media":4789,"comment_status":"closed","ping_status":"open","sticky":false,"template":"","format":"standard","meta":[],"categories":[53,439],"tags":[],"_links":{"self":[{"href":"https:\/\/www.interciencia.net\/pt\/wp-json\/wp\/v2\/posts\/4788"}],"collection":[{"href":"https:\/\/www.interciencia.net\/pt\/wp-json\/wp\/v2\/posts"}],"about":[{"href":"https:\/\/www.interciencia.net\/pt\/wp-json\/wp\/v2\/types\/post"}],"author":[{"embeddable":true,"href":"https:\/\/www.interciencia.net\/pt\/wp-json\/wp\/v2\/users\/1"}],"replies":[{"embeddable":true,"href":"https:\/\/www.interciencia.net\/pt\/wp-json\/wp\/v2\/comments?post=4788"}],"version-history":[{"count":4,"href":"https:\/\/www.interciencia.net\/pt\/wp-json\/wp\/v2\/posts\/4788\/revisions"}],"predecessor-version":[{"id":4797,"href":"https:\/\/www.interciencia.net\/pt\/wp-json\/wp\/v2\/posts\/4788\/revisions\/4797"}],"wp:featuredmedia":[{"embeddable":true,"href":"https:\/\/www.interciencia.net\/pt\/wp-json\/wp\/v2\/media\/4789"}],"wp:attachment":[{"href":"https:\/\/www.interciencia.net\/pt\/wp-json\/wp\/v2\/media?parent=4788"}],"wp:term":[{"taxonomy":"category","embeddable":true,"href":"https:\/\/www.interciencia.net\/pt\/wp-json\/wp\/v2\/categories?post=4788"},{"taxonomy":"post_tag","embeddable":true,"href":"https:\/\/www.interciencia.net\/pt\/wp-json\/wp\/v2\/tags?post=4788"}],"curies":[{"name":"wp","href":"https:\/\/api.w.org\/{rel}","templated":true}]}}