{"id":4644,"date":"2020-11-09T18:54:02","date_gmt":"2020-11-09T18:54:02","guid":{"rendered":"https:\/\/www.interciencia.net\/pt\/?p=4644"},"modified":"2021-01-12T01:38:33","modified_gmt":"2021-01-12T01:38:33","slug":"volumen-45-numero-11","status":"publish","type":"post","link":"https:\/\/www.interciencia.net\/pt\/anteriores\/volumen-45-numero-11\/","title":{"rendered":"Volume 45 Edic\u0327ao 11"},"content":{"rendered":"<table width=\"100%\">\n<tbody>\n<tr>\n<td colspan=\"2\"><strong>\/Editorial\/<\/strong><\/td>\n<\/tr>\n<tr>\n<td>\n<p class=\"small\">Mahabir Gupta e Miguel Laufer<\/p>\n<p>INTERCI\u00caNCIA, UMA EXPERI\u00caNCIA DE DIPLOMACIA CIENT\u00cdFICA NAS AM\u00c9RICAS<\/td>\n<td style=\"text-align: center; vertical-align: middle;\" width=\"20%\"><a href=\"https:\/\/www.interciencia.net\/pt\/files\/2020\/12\/0B-EDITORIAL_v45n11_pt.pdf\" target=\"_blank\" rel=\"noopener noreferrer\">500<\/a><\/td>\n<\/tr>\n<tr>\n<td colspan=\"2\"><strong>\/Artigos\/<\/strong><\/td>\n<\/tr>\n<tr>\n<td>\n<p class=\"small\">Valentina Gomes Haensel Schmitt e Mirza Marvel Cequea<\/p>\n<p>AULA INVERTIDA: UMA MUDAN\u00c7A NOS PARADIGMAS NO ENSINO SUPERIOR (em portugues)<\/td>\n<td style=\"text-align: center; vertical-align: middle;\"><a href=\"https:\/\/www.interciencia.net\/wp-content\/uploads\/2020\/12\/01_6703_A_Cequea_v45n11_7.pdf\" target=\"_blank\" rel=\"noopener noreferrer\">501<\/a><\/td>\n<\/tr>\n<tr>\n<td colspan=\"2\"><strong>\/Comunica\u00e7\u00f5es\/<\/strong><\/td>\n<\/tr>\n<tr>\n<td>\n<p class=\"small\">Carlos Mart\u00edn Echeverr\u00eda Cueva, Jaime Rivera Camino e Mauro Pazmi\u00f1o Santacruz<\/p>\n<p>ATITUDES, ORIENTA\u00c7\u00c3O EMPREENDEDORA E CAPACIDADE DE APRENDIZAGEM ORGANIZACIONAL NAS EMPRESAS DO SETOR COOPERATIVO FINANCEIRO (em espanhol)<\/td>\n<td style=\"text-align: center; vertical-align: middle;\"><a href=\"https:\/\/www.interciencia.net\/wp-content\/uploads\/2020\/12\/02_6627_Com_Echeverria_v45n11_8.pdf\" target=\"_blank\" rel=\"noopener noreferrer\">508<\/a><\/td>\n<\/tr>\n<tr>\n<td>\n<p class=\"small\">Ra\u00fal Bustos Gonz\u00e1lez e El\u00edas Pizarro Pizarro<\/p>\n<p>REPRESENTA\u00c7\u00d5ES SOBRE AVALIA\u00c7\u00c3O PEDAG\u00d3GICA EM ESCOLAS FRONTEIRI\u00c7AS VULNER\u00c1VEIS (em espanhol)<\/td>\n<td style=\"text-align: center; vertical-align: middle;\"><a href=\"https:\/\/www.interciencia.net\/wp-content\/uploads\/2020\/12\/03_6734_Com_Bustos_v45n11_8.pdf\" target=\"_blank\" rel=\"noopener noreferrer\">516<\/a><\/td>\n<\/tr>\n<tr>\n<td>\n<p class=\"small\">Lorena P. Gallardo-Peralta, Carmen Rodr\u00edguez-Bl\u00e1zquez, Alba Ayala-Garc\u00eda e Mar\u00eda Jo\u00e3o Forjaz<\/p>\n<p>VALIDA\u00c7\u00c3O DA ESCALA BREVE DO COMPORTAMENTO RESILIENTE (BRCS) UMA AMOSTRA MULTI\u00c9TNICA DE IDOSOS CHILENOS (em ingl\u00eas)<\/td>\n<td style=\"text-align: center; vertical-align: middle;\"><a href=\"https:\/\/www.interciencia.net\/wp-content\/uploads\/2020\/12\/04_6723_Com_Gallardo_v45n11_8.pdf\" target=\"_blank\" rel=\"noopener noreferrer\">524<\/a><\/td>\n<\/tr>\n<tr>\n<td>\n<p class=\"small\">Pedro Rodrigo Sandoval Rubilar, Ra\u00fal Antonio Bustos Gonz\u00e1lez, Ana Carolina Maldonado Fuentes, Alex Pavi\u00e9 Nova e Grisel Vald\u00e9s Romano<\/p>\n<p>REPRESENTA\u00c7\u00d5ES SOBRE O ENSINO DA VOCA\u00c7\u00c3O EM INGRESSANTES EM PEDAGOGIA NAS UNIVERSIDADES ESTADUAIS CHILENAS (em espanhol)<\/td>\n<td style=\"text-align: center; vertical-align: middle;\"><a href=\"https:\/\/www.interciencia.net\/wp-content\/uploads\/2020\/12\/05_6720_Com_Bustos_v45n11_7.pdf\" target=\"_blank\" rel=\"noopener noreferrer\">532<\/a><\/td>\n<\/tr>\n<\/tbody>\n<\/table>\n","protected":false},"excerpt":{"rendered":"<p>\/Editorial\/ Mahabir Gupta e Miguel Laufer INTERCI\u00caNCIA, UMA EXPERI\u00caNCIA DE DIPLOMACIA CIENT\u00cdFICA NAS AM\u00c9RICAS 500 \/Artigos\/ Valentina Gomes Haensel Schmitt e Mirza Marvel Cequea AULA INVERTIDA: UMA MUDAN\u00c7A NOS PARADIGMAS NO ENSINO SUPERIOR (em portugues) 501 \/Comunica\u00e7\u00f5es\/ Carlos Mart\u00edn Echeverr\u00eda Cueva, Jaime Rivera Camino e Mauro Pazmi\u00f1o Santacruz ATITUDES, ORIENTA\u00c7\u00c3O EMPREENDEDORA E CAPACIDADE DE APRENDIZAGEM [&hellip;]<\/p>\n","protected":false},"author":1,"featured_media":4645,"comment_status":"closed","ping_status":"open","sticky":false,"template":"","format":"standard","meta":[],"categories":[53,437],"tags":[],"_links":{"self":[{"href":"https:\/\/www.interciencia.net\/pt\/wp-json\/wp\/v2\/posts\/4644"}],"collection":[{"href":"https:\/\/www.interciencia.net\/pt\/wp-json\/wp\/v2\/posts"}],"about":[{"href":"https:\/\/www.interciencia.net\/pt\/wp-json\/wp\/v2\/types\/post"}],"author":[{"embeddable":true,"href":"https:\/\/www.interciencia.net\/pt\/wp-json\/wp\/v2\/users\/1"}],"replies":[{"embeddable":true,"href":"https:\/\/www.interciencia.net\/pt\/wp-json\/wp\/v2\/comments?post=4644"}],"version-history":[{"count":2,"href":"https:\/\/www.interciencia.net\/pt\/wp-json\/wp\/v2\/posts\/4644\/revisions"}],"predecessor-version":[{"id":4650,"href":"https:\/\/www.interciencia.net\/pt\/wp-json\/wp\/v2\/posts\/4644\/revisions\/4650"}],"wp:featuredmedia":[{"embeddable":true,"href":"https:\/\/www.interciencia.net\/pt\/wp-json\/wp\/v2\/media\/4645"}],"wp:attachment":[{"href":"https:\/\/www.interciencia.net\/pt\/wp-json\/wp\/v2\/media?parent=4644"}],"wp:term":[{"taxonomy":"category","embeddable":true,"href":"https:\/\/www.interciencia.net\/pt\/wp-json\/wp\/v2\/categories?post=4644"},{"taxonomy":"post_tag","embeddable":true,"href":"https:\/\/www.interciencia.net\/pt\/wp-json\/wp\/v2\/tags?post=4644"}],"curies":[{"name":"wp","href":"https:\/\/api.w.org\/{rel}","templated":true}]}}