{"id":4016,"date":"2009-11-05T19:44:59","date_gmt":"2009-11-05T19:44:59","guid":{"rendered":"https:\/\/www.interciencia.net\/pt\/?p=4016"},"modified":"2018-01-29T20:14:54","modified_gmt":"2018-01-29T20:14:54","slug":"edicao-11-7","status":"publish","type":"post","link":"https:\/\/www.interciencia.net\/pt\/volume-34\/edicao-11-7\/","title":{"rendered":"Volume 34 Edi\u00e7\u00e3o 11"},"content":{"rendered":"<table width=\"100%\">\n<tbody>\n<tr>\n<td colspan=\"2\"><strong>\/Editorial\/<\/strong><\/td>\n<\/tr>\n<tr>\n<td>\n<p class=\"small\">Miguel Laufer<\/p>\n<p>AVALIAR VERDADEIRAMENTE NOSSA CI\u00caNCIA<\/td>\n<td style=\"text-align: center; vertical-align: middle;\" width=\"20%\"><a href=\"https:\/\/www.interciencia.net\/pt\/files\/2018\/01\/763-editorial-pt-34-11.pdf\" target=\"_blank\" rel=\"noopener\"><b>763<\/b><\/a><\/td>\n<\/tr>\n<tr>\n<td colspan=\"2\">\u00a0<strong>\/Artigos\/<\/strong><\/td>\n<\/tr>\n<tr>\n<td>\n<p class=\"small\">Suher Carolina Yabroudi, Juan Almarza, Francisco Pedrique, Carmen C\u00e1rdenas e Lenin Herrera<\/p>\n<p>OTIMIZA\u00c7\u00c3O DO PROCESSO DE TRATAMENTO DE \u00c1GUAS RESIDUAIS DE UMA IND\u00daSTRIA CERVEJEIRA (em espanhol)<\/td>\n<td style=\"text-align: center; vertical-align: middle;\"><a href=\"https:\/\/www.interciencia.net\/wp-content\/uploads\/2018\/01\/764-YABROUDI-7.pdf\" target=\"_blank\" rel=\"noopener\"><strong>764<\/strong><\/a><\/td>\n<\/tr>\n<tr>\n<td colspan=\"2\"><strong>\/Comunica\u00e7\u00f5es\/<\/strong><\/td>\n<\/tr>\n<tr>\n<td>\n<p class=\"small\">Germ\u00e1n Horacio Cheli, Juan Carlos Corley, Luc\u00eda Daniela Castillo e Fernando Joaqu\u00edn Mart\u00ednez<\/p>\n<p>UMA APROXIMA\u00c7\u00c3O EXPERIMENTAL A PREFER\u00caNCIA ALIMENT\u00c1RIA DE <em>Nyctelia circumundata<\/em> (COLE\u00d3PTERA: TENEBRIONIDAE) NO NORESTE DA PATAGONIA (em espanhol)<\/td>\n<td style=\"text-align: center; vertical-align: middle;\"><a href=\"https:\/\/www.interciencia.net\/wp-content\/uploads\/2018\/01\/771-c-1\u00ba-CHELI-6.pdf\" target=\"_blank\" rel=\"noopener\"><strong>771<\/strong><\/a><\/td>\n<\/tr>\n<tr>\n<td>\n<p class=\"small\">Elizabeth Cervantes-Cornihs, Iriana Zuria e Ignacio Castellanos<\/p>\n<p>DEPREDA\u00c7\u00c3O DE NINHOS ARTIFICIAIS EM CERCAS VIVAS DE UM SISTEMA AGROURBANO EM HIDALGO, M\u00c9XICO (em espanhol)<\/td>\n<td style=\"text-align: center; vertical-align: middle;\"><a href=\"https:\/\/www.interciencia.net\/wp-content\/uploads\/2018\/01\/777-c-ZURIA-7.pdf\" target=\"_blank\" rel=\"noopener\"><strong>777<\/strong><\/a><\/td>\n<\/tr>\n<tr>\n<td>\n<p class=\"small\">Belkis Avalo, Sergio P\u00e9rez e Marcos Tovar<\/p>\n<p>CARACTERIZA\u00c7\u00c3O PRELIMINAR DO PROCESSO DE CONCENTRA\u00c7\u00c3O DO SUCO NATURAL DE LARANJA EM UM EVAPORADOR DE TRES EFEITOS (em espanhol)<\/td>\n<td style=\"text-align: center; vertical-align: middle;\"><a href=\"https:\/\/www.interciencia.net\/wp-content\/uploads\/2018\/01\/784-c-AVALO-7.pdf\" target=\"_blank\" rel=\"noopener\"><strong>784<\/strong><\/a><\/td>\n<\/tr>\n<tr>\n<td>\n<p class=\"small\">Esa\u00fa del Carmen Moreno-P\u00e9rez, Armando Garc\u00eda-Vel\u00e1zquez e Carlos Hugo Avenda\u00f1o-Arrazate<\/p>\n<p>ESTUDO CITOL\u00d3GICO EM POPULA\u00c7\u00d5ES DIPL\u00d3IDES E POLIPL\u00d3IDES DO G\u00caNERO <em>Tripsacum<\/em> (em espanhol)<\/td>\n<td style=\"text-align: center; vertical-align: middle;\"><a href=\"https:\/\/www.interciencia.net\/wp-content\/uploads\/2018\/01\/791-c-MORENO-5.pdf\" target=\"_blank\" rel=\"noopener\"><strong>791<\/strong><\/a><\/td>\n<\/tr>\n<tr>\n<td>\n<p class=\"small\">Rita Cava, Elba Sangronis, Marta Rodr\u00edguez e Jhoana Colina<\/p>\n<p>QUALIDADE MICROBIOL\u00d3GICA DE SEMENTES GERMINADAS DE <em>Phaseolus vulgaris<\/em> (em espanhol)<\/td>\n<td style=\"text-align: center; vertical-align: middle;\"><a href=\"https:\/\/www.interciencia.net\/wp-content\/uploads\/2018\/01\/796-c-SANGRONI-5.pdf\" target=\"_blank\" rel=\"noopener\"><strong>796<\/strong><\/a><\/td>\n<\/tr>\n<tr>\n<td>\n<p class=\"small\">Carlos Hugo Avenda\u00f1o Arrazate, Jos\u00e9 Domingo Molina Gal\u00e1n, Esa\u00fa del Carmen Moreno P\u00e9rez, Jorge Cadena I\u00f1iguez, Juan Francisco Aguirre Medina e Gabriel Rinc\u00f3n Enr\u00edquez<\/p>\n<p>RESPOSTA \u00c0 SELE\u00c7\u00c3O PARA RESIST\u00caNCIA DA SECA NO MILHO (<em>Zea mays<\/em> L.) (em espanhol)<\/td>\n<td style=\"text-align: center; vertical-align: middle;\"><a href=\"https:\/\/www.interciencia.net\/wp-content\/uploads\/2018\/01\/801-c-AVENDA\u00d1O-7.pdf\" target=\"_blank\" rel=\"noopener\"><strong>801<\/strong><\/a><\/td>\n<\/tr>\n<tr>\n<td>\n<p class=\"small\">Oscar A. Gonz\u00e1lez-Ochoa, Juana L\u00f3pez-Mart\u00ednez e Norma Yolanda Hern\u00e1ndez-Saavedra<\/p>\n<p>CARACTER\u00cdSTICAS POPULACIONAIS DO \u201cPARGO LUNAREJO\u201d <em>Lutjanus guttatus<\/em> CAPTURADO COM A FAUNA DE ACOMPANHAMENTO DO CAMAR\u00c3O NO GOLFO DE CALIF\u00d4RNIA (em ingl\u00eas)<\/td>\n<td style=\"text-align: center; vertical-align: middle;\"><a href=\"https:\/\/www.interciencia.net\/wp-content\/uploads\/2018\/01\/808-c-LOPEZ-6.pdf\" target=\"_blank\" rel=\"noopener\"><strong>808<\/strong><\/a><\/td>\n<\/tr>\n<tr>\n<td colspan=\"2\"><strong>\/Ensaios\/<\/strong><\/td>\n<\/tr>\n<tr>\n<td>\n<p class=\"small\">Tania P\u00e9rez Bustos<\/p>\n<p>T\u00c3O LONGE&#8230; T\u00c3O PERTO. ARTICULA\u00c7\u00d5ES ENTRE A POPULARIZA\u00c7\u00c3O DA CI\u00caNCIA E A TECNOLOGIA E OS SISTEMAS EDUCATIVOS NA COL\u00d4MBIA (em espanhol)<\/td>\n<td style=\"text-align: center; vertical-align: middle;\"><a href=\"https:\/\/www.interciencia.net\/wp-content\/uploads\/2018\/01\/814-1\u00ba-e-BUSTOS-8.pdf\" target=\"_blank\" rel=\"noopener\"><strong>814<\/strong><\/a><\/td>\n<\/tr>\n<tr>\n<td>\n<p class=\"small\">Emilio Rodr\u00edguez-Ponce<\/p>\n<p>O PAPEL DAS UNIVERSIDADES NA SOCIEDADE DO CONHECIMENTO E NA ERA DA GLOBALIZA\u00c7\u00c3O: EVID\u00caNCIA DESDE CHILE (em espanhol)<\/td>\n<td style=\"text-align: center; vertical-align: middle;\"><a href=\"https:\/\/www.interciencia.net\/wp-content\/uploads\/2018\/01\/822-e-RODRIGUEZ-8.pdf\" target=\"_blank\" rel=\"noopener\"><strong>822<\/strong><\/a><\/td>\n<\/tr>\n<tr>\n<td>\n<p class=\"small\">Martin Ricker, H\u00e9ctor M. Hern\u00e1ndez e Douglas C. Daly<\/p>\n<p>MEDINDO O DESEMPENHO DOS CIENTISTAS: UM PONTO DE VISTA DE BI\u00d3LOGOS ORGAN\u00cdSMICOS (em ingl\u00eas)<\/td>\n<td style=\"text-align: center; vertical-align: middle;\"><a href=\"https:\/\/www.interciencia.net\/wp-content\/uploads\/2018\/01\/830-e-RICKER-6.pdf\" target=\"_blank\" rel=\"noopener\"><strong>830<\/strong><\/a><\/td>\n<\/tr>\n<tr>\n<td>\/<strong>Pr\u00f3ximas Reuni\u00f5es<\/strong>\/<\/td>\n<td style=\"text-align: center; vertical-align: middle;\"><strong>836<\/strong><\/td>\n<\/tr>\n<\/tbody>\n<\/table>\n","protected":false},"excerpt":{"rendered":"<p>\/Editorial\/ Miguel Laufer AVALIAR VERDADEIRAMENTE NOSSA CI\u00caNCIA 763 \u00a0\/Artigos\/ Suher Carolina Yabroudi, Juan Almarza, Francisco Pedrique, Carmen C\u00e1rdenas e Lenin Herrera OTIMIZA\u00c7\u00c3O DO PROCESSO DE TRATAMENTO DE \u00c1GUAS RESIDUAIS DE UMA IND\u00daSTRIA CERVEJEIRA (em espanhol) 764 \/Comunica\u00e7\u00f5es\/ Germ\u00e1n Horacio Cheli, Juan Carlos Corley, Luc\u00eda Daniela Castillo e Fernando Joaqu\u00edn Mart\u00ednez UMA APROXIMA\u00c7\u00c3O EXPERIMENTAL A PREFER\u00caNCIA [&hellip;]<\/p>\n","protected":false},"author":1,"featured_media":0,"comment_status":"closed","ping_status":"open","sticky":false,"template":"","format":"standard","meta":[],"categories":[418],"tags":[],"_links":{"self":[{"href":"https:\/\/www.interciencia.net\/pt\/wp-json\/wp\/v2\/posts\/4016"}],"collection":[{"href":"https:\/\/www.interciencia.net\/pt\/wp-json\/wp\/v2\/posts"}],"about":[{"href":"https:\/\/www.interciencia.net\/pt\/wp-json\/wp\/v2\/types\/post"}],"author":[{"embeddable":true,"href":"https:\/\/www.interciencia.net\/pt\/wp-json\/wp\/v2\/users\/1"}],"replies":[{"embeddable":true,"href":"https:\/\/www.interciencia.net\/pt\/wp-json\/wp\/v2\/comments?post=4016"}],"version-history":[{"count":2,"href":"https:\/\/www.interciencia.net\/pt\/wp-json\/wp\/v2\/posts\/4016\/revisions"}],"predecessor-version":[{"id":4019,"href":"https:\/\/www.interciencia.net\/pt\/wp-json\/wp\/v2\/posts\/4016\/revisions\/4019"}],"wp:attachment":[{"href":"https:\/\/www.interciencia.net\/pt\/wp-json\/wp\/v2\/media?parent=4016"}],"wp:term":[{"taxonomy":"category","embeddable":true,"href":"https:\/\/www.interciencia.net\/pt\/wp-json\/wp\/v2\/categories?post=4016"},{"taxonomy":"post_tag","embeddable":true,"href":"https:\/\/www.interciencia.net\/pt\/wp-json\/wp\/v2\/tags?post=4016"}],"curies":[{"name":"wp","href":"https:\/\/api.w.org\/{rel}","templated":true}]}}