{"id":3926,"date":"2010-04-06T22:56:34","date_gmt":"2010-04-06T22:56:34","guid":{"rendered":"https:\/\/www.interciencia.net\/pt\/?p=3926"},"modified":"2018-01-23T23:29:24","modified_gmt":"2018-01-23T23:29:24","slug":"edicao-04-4","status":"publish","type":"post","link":"https:\/\/www.interciencia.net\/pt\/volume-35\/edicao-04-4\/","title":{"rendered":"Volume 35 Edi\u00e7\u00e3o 04"},"content":{"rendered":"<table width=\"100%\">\n<tbody>\n<tr>\n<td colspan=\"2\"><strong>\/Editorial\/<\/strong><\/td>\n<\/tr>\n<tr>\n<td>\n<p class=\"small\">Hebe Vessuri<\/p>\n<p>A CI\u00caNCIA DO CLIMA NO OLHO DO FURAC\u00c3O POL\u00cdTICO E MEDI\u00c1TICO<\/td>\n<td style=\"text-align: center; vertical-align: middle;\" width=\"20%\"><a href=\"https:\/\/www.interciencia.net\/pt\/files\/2018\/01\/239-editorial-pt-35-04.pdf\" target=\"_blank\" rel=\"noopener\"><strong>239<\/strong><\/a><\/td>\n<\/tr>\n<tr>\n<td colspan=\"2\"><strong>\/Artigos\/<\/strong><\/td>\n<\/tr>\n<tr>\n<td>\n<p class=\"small\">Andr\u00e9s L. Mart\u00ednez Mar\u00edn, Manuel P\u00e9rez Hern\u00e1ndez, Luis P\u00e9rez Alba e Gustavo G\u00f3mez Castro<\/p>\n<p>DIGEST\u00c3O DOS LIPIDIOS NOS RUMINANTES: UMA REVIS\u00c3O (em espanhol)<\/td>\n<td style=\"text-align: center; vertical-align: middle;\"><a href=\"https:\/\/www.interciencia.net\/wp-content\/uploads\/2018\/01\/240-MARTINEZ-7.pdf\" target=\"_blank\" rel=\"noopener\"><strong>240<\/strong><\/a><\/td>\n<\/tr>\n<tr>\n<td>\n<p class=\"small\">Mar\u00eda del Roc\u00edo Ruenes-Morales, Alejandro Casas, Juan Jos\u00e9 Jim\u00e9nez-Osornio e Javier Caballero<\/p>\n<p>ETNOBOT\u00c2NICA DE <em>Spondias purp\u00farea<\/em> L. (ANACARDIACEAE) NA PEN\u00cdNSULA DE YUCAT\u00c1N (em espanhol)<\/td>\n<td style=\"text-align: center; vertical-align: middle;\"><a href=\"https:\/\/www.interciencia.net\/wp-content\/uploads\/2018\/01\/247-RUNES-8.pdf\" target=\"_blank\" rel=\"noopener\"><strong>247<\/strong><\/a><\/td>\n<\/tr>\n<tr>\n<td>\n<p class=\"small\">Wilmer J. Dudamel D., Dominique Wolbert e Yolanda R. de Cazeaudumec<\/p>\n<p>MODELADO DA CIN\u00c9TICA DE ADSOR\u00c7\u00c3O DE PRAGUICIDAS NA FASE AQUOSA SOBRE CARV\u00c3O ATIVADO CONSIDERANDO EFEITOS DA TEMPERATURA (em espanhol)<\/td>\n<td style=\"text-align: center; vertical-align: middle;\"><a href=\"https:\/\/www.interciencia.net\/wp-content\/uploads\/2018\/01\/255-DUDAMEL-8.pdf\" target=\"_blank\" rel=\"noopener\"><strong>255<\/strong><\/a><\/td>\n<\/tr>\n<tr>\n<td>\n<p class=\"small\">Mar\u00eda Rond\u00f3n M\u00e9dicci, Joaqu\u00edn Buitrago e Hedelvy J. Guada<\/p>\n<p>BIOLOG\u00cdA REPRODUTIVA DA TARTARUGA-DE-COURO (<em>Dermochelys coriacea<\/em>) NAS PRAIAS DA PEN\u00cdNSULA DE PARIA, VENEZUELA, DURANTE AS TEMPORADAS DE DESOVA 2000-2006 (em espanhol)<\/td>\n<td style=\"text-align: center; vertical-align: middle;\"><a href=\"https:\/\/www.interciencia.net\/wp-content\/uploads\/2018\/01\/263-RONDON-8.pdf\" target=\"_blank\" rel=\"noopener\"><strong>263<\/strong><\/a><\/td>\n<\/tr>\n<tr>\n<td>\n<p class=\"small\">Fernando E. Garc\u00eda-Mui\u00f1a, Eva Pelechano-Barahona e Jos\u00e9 E. Navas-L\u00f3pez<\/p>\n<p>DECIS\u00d5ES DE GEST\u00c3O DO CONHECIMENTO E A CAPACIDADE INOVADORA DAS EMPRESAS: O PAPEL DA COMPLEXIDADE (em espanhol)<\/td>\n<td style=\"text-align: center; vertical-align: middle;\"><a href=\"https:\/\/www.interciencia.net\/wp-content\/uploads\/2018\/01\/271-GARCIA-8.pdf\" target=\"_blank\" rel=\"noopener\"><b>271<\/b><\/a><\/td>\n<\/tr>\n<tr>\n<td colspan=\"2\"><strong>\/Comunica\u00e7\u00f5es\/<\/strong><\/td>\n<\/tr>\n<tr>\n<td>\n<p class=\"small\">Maria Renata Rocha Pereira, Andr\u00e9ia Cristina Peres Rodrigues, Neum\u00e1rcio Vilanova da Costa, Dagoberto Martins, Antonio Evaldo Klar e Magali Ribeiro da Silva<\/p>\n<p>EFEITO DA DERIVA DE GLYPHOSATE SOBRE ALGUMAS CARACTER\u00cdSTICAS FISIOL\u00d3GICAS EM PLANTAS DE EUCALIPTO (em portugu\u00eas)<\/td>\n<td style=\"text-align: center; vertical-align: middle;\"><a href=\"https:\/\/www.interciencia.net\/wp-content\/uploads\/2018\/01\/279-1\u00ba-c-PEREIRA-5.pdf\" target=\"_blank\" rel=\"noopener\"><strong>279<\/strong><\/a><\/td>\n<\/tr>\n<tr>\n<td>\n<p class=\"small\">Esperanza Herrera-Torres, Mar\u00eda Andrea Cerrillo-Soto, Arturo Sa\u00fal Ju\u00e1rez-Reyes, Manuel Murillo-Ortiz, Francisco Gerardo Rios-Rinc\u00f3n, Osvaldo Reyes-Estrada e Hugo Bernal-Barrag\u00e1n<\/p>\n<p>EFEITO DA \u00c9POCA DE COLHEITA NO VALOR DA ENERGIA E PROTEINA DA FORRAGEM VERDE HIDROP\u00d4NICA (em espanhol)<\/td>\n<td style=\"text-align: center; vertical-align: middle;\"><a href=\"https:\/\/www.interciencia.net\/wp-content\/uploads\/2018\/01\/284-c-HERRERA-6.pdf\" target=\"_blank\" rel=\"noopener\"><strong>284<\/strong><\/a><\/td>\n<\/tr>\n<tr>\n<td>\n<p class=\"small\">Alexander Hern\u00e1ndez, F\u00e9lix San Vicente e Rosana Figueroa-Ruiz<\/p>\n<p>AVALIA\u00c7\u00c3O E CARACTERIZA\u00c7\u00c3O DE LINHAS PARENTAIS DE H\u00cdBRIDOS DE MILHO (<em>Zea mays<\/em> L) EM TR\u00caS AMBIENTES DA VENEZUELA (em espanhol)<\/td>\n<td style=\"text-align: center; vertical-align: middle;\"><a href=\"https:\/\/www.interciencia.net\/wp-content\/uploads\/2018\/01\/290-c-HERNANDEZ-9.pdf\" target=\"_blank\" rel=\"noopener\"><strong>290<\/strong><\/a><\/td>\n<\/tr>\n<tr>\n<td>\n<p class=\"small\">Bardo S\u00e1nchez-Soto, \u00c1lvaro Reyes-Olivas, Edmundo Garc\u00eda-Moya e Teresa Terrazas<\/p>\n<p>GERMINA\u00c7\u00c3O DE TR\u00caS CACT\u00c1CEAS QUE HABITAM A REGI\u00c3O COSTEIRA DO NOROESTE DO M\u00c9XICO (em espanhol)<\/td>\n<td style=\"text-align: center; vertical-align: middle;\"><a href=\"https:\/\/www.interciencia.net\/wp-content\/uploads\/2018\/01\/299-c-SANCHEZ-7.pdf\" target=\"_blank\" rel=\"noopener\"><strong>299<\/strong><\/a><\/td>\n<\/tr>\n<tr>\n<td>\n<p class=\"small\">Sara Cecilia D\u00edaz Castro<\/p>\n<p>VARIABILIDADE DOS CICLONES TROPICAIS QUE AFETAM O M\u00c9XICO (em espanhol)<\/td>\n<td style=\"text-align: center; vertical-align: middle;\"><a href=\"https:\/\/www.interciencia.net\/wp-content\/uploads\/2018\/01\/306-c-DIAZ-5.pdf\" target=\"_blank\" rel=\"noopener\"><strong>306<\/strong><\/a><\/td>\n<\/tr>\n<tr>\n<td>\/<strong>Pr\u00f3ximas Reuni\u00f5es<\/strong>\/<\/td>\n<td style=\"text-align: center; vertical-align: middle;\"><strong>311<\/strong><\/td>\n<\/tr>\n<\/tbody>\n<\/table>\n","protected":false},"excerpt":{"rendered":"<p>\/Editorial\/ Hebe Vessuri A CI\u00caNCIA DO CLIMA NO OLHO DO FURAC\u00c3O POL\u00cdTICO E MEDI\u00c1TICO 239 \/Artigos\/ Andr\u00e9s L. Mart\u00ednez Mar\u00edn, Manuel P\u00e9rez Hern\u00e1ndez, Luis P\u00e9rez Alba e Gustavo G\u00f3mez Castro DIGEST\u00c3O DOS LIPIDIOS NOS RUMINANTES: UMA REVIS\u00c3O (em espanhol) 240 Mar\u00eda del Roc\u00edo Ruenes-Morales, Alejandro Casas, Juan Jos\u00e9 Jim\u00e9nez-Osornio e Javier Caballero ETNOBOT\u00c2NICA DE Spondias [&hellip;]<\/p>\n","protected":false},"author":1,"featured_media":0,"comment_status":"closed","ping_status":"open","sticky":false,"template":"","format":"standard","meta":[],"categories":[406],"tags":[],"_links":{"self":[{"href":"https:\/\/www.interciencia.net\/pt\/wp-json\/wp\/v2\/posts\/3926"}],"collection":[{"href":"https:\/\/www.interciencia.net\/pt\/wp-json\/wp\/v2\/posts"}],"about":[{"href":"https:\/\/www.interciencia.net\/pt\/wp-json\/wp\/v2\/types\/post"}],"author":[{"embeddable":true,"href":"https:\/\/www.interciencia.net\/pt\/wp-json\/wp\/v2\/users\/1"}],"replies":[{"embeddable":true,"href":"https:\/\/www.interciencia.net\/pt\/wp-json\/wp\/v2\/comments?post=3926"}],"version-history":[{"count":1,"href":"https:\/\/www.interciencia.net\/pt\/wp-json\/wp\/v2\/posts\/3926\/revisions"}],"predecessor-version":[{"id":3928,"href":"https:\/\/www.interciencia.net\/pt\/wp-json\/wp\/v2\/posts\/3926\/revisions\/3928"}],"wp:attachment":[{"href":"https:\/\/www.interciencia.net\/pt\/wp-json\/wp\/v2\/media?parent=3926"}],"wp:term":[{"taxonomy":"category","embeddable":true,"href":"https:\/\/www.interciencia.net\/pt\/wp-json\/wp\/v2\/categories?post=3926"},{"taxonomy":"post_tag","embeddable":true,"href":"https:\/\/www.interciencia.net\/pt\/wp-json\/wp\/v2\/tags?post=3926"}],"curies":[{"name":"wp","href":"https:\/\/api.w.org\/{rel}","templated":true}]}}