{"id":3878,"date":"2011-12-05T00:22:45","date_gmt":"2011-12-05T00:22:45","guid":{"rendered":"https:\/\/www.interciencia.net\/pt\/?p=3878"},"modified":"2018-01-16T00:30:37","modified_gmt":"2018-01-16T00:30:37","slug":"edicao-12-5","status":"publish","type":"post","link":"https:\/\/www.interciencia.net\/pt\/volume-36\/edicao-12-5\/","title":{"rendered":"Volume 36 Edi\u00e7\u00e3o 12"},"content":{"rendered":"<table width=\"100%\">\n<tbody>\n<tr>\n<td colspan=\"2\"><strong>\/Editorial\/<\/strong><\/td>\n<\/tr>\n<tr>\n<td>\n<p class=\"small\">Alejandro J. Pieters e Margarita Lampo<\/p>\n<p>INVESTIGA\u00c7\u00c3O CIENT\u00cdFICA, DIVERSIDADE BIOL\u00d3GICA E SOCIEDADE<\/td>\n<td style=\"text-align: center; vertical-align: middle;\" width=\"20%\"><a href=\"https:\/\/www.interciencia.net\/pt\/files\/2018\/01\/875-editorial-pt-36-12.pdf\" target=\"_blank\" rel=\"noopener\"><b>875<\/b><\/a><\/td>\n<\/tr>\n<tr>\n<td colspan=\"2\">\u00a0<strong>\/Artigos\/<\/strong><\/td>\n<\/tr>\n<tr>\n<td>\n<p class=\"small\">Ernesto Medina<\/p>\n<p>QUARENTA ANOS DO CENTRO DE ECOLOGIA DO INSTITUTO VENEZUELANO DE INVESTIGA\u00c7\u00d5ES CIENT\u00cdFICAS EM PERSPECTIVA (em espanhol)<\/td>\n<td style=\"text-align: center; vertical-align: middle;\"><a href=\"https:\/\/www.interciencia.net\/wp-content\/uploads\/2018\/01\/876-MEDINA-5.pdf\" target=\"_blank\" rel=\"noopener\"><strong>876<\/strong><\/a><\/td>\n<\/tr>\n<tr>\n<td>\n<p class=\"small\">Virginia Sanz, Mail\u00e9n Riveros, Mylene Guti\u00e9rrez e Rafael Moncada<\/p>\n<p>VEGETA\u00c7\u00c3O E USO DA TERRA NO ESTADO NUEVA ESPARTA, VENEZUELA: UMA AN\u00c1LISE DESDE A ECOLOGIA DA PAISAGEM (em espanhol)<\/td>\n<td style=\"text-align: center; vertical-align: middle;\"><a href=\"https:\/\/www.interciencia.net\/wp-content\/uploads\/2018\/01\/881-SANZ-7.pdf\" target=\"_blank\" rel=\"noopener\"><strong>881<\/strong><\/a><\/td>\n<\/tr>\n<tr>\n<td>\n<p class=\"small\">Beatriz L\u00f3pez, Mar\u00eda Beatriz Barreto e Jes\u00fas Eloy Conde<\/p>\n<p>CARACTERIZA\u00c7\u00c3O DOS MANGUEZAIS DE ZONAS SEMI\u00c1RIDAS NO NOROESTE DA VENEZUELA (em espanhol)<\/td>\n<td style=\"text-align: center; vertical-align: middle;\"><a href=\"https:\/\/www.interciencia.net\/wp-content\/uploads\/2018\/01\/888-LOPEZ-6.pdf\" target=\"_blank\" rel=\"noopener\"><strong>888<\/strong><\/a><\/td>\n<\/tr>\n<tr>\n<td>\n<p class=\"small\">Ascanio D. Rinc\u00f3n<\/p>\n<p>NOVOS RESTOS DE <em>Mixotoxodon larensis<\/em> Van Frank 1957 (Mammalia: Notoungulata) DO PO\u00c7O DE ASFALTO DE ICIARTE, NOROESTE DA VENEZUELA (em ingl\u00eas)<\/td>\n<td style=\"text-align: center; vertical-align: middle;\"><a href=\"https:\/\/www.interciencia.net\/wp-content\/uploads\/2018\/01\/894-RINCON-6.pdf\" target=\"_blank\" rel=\"noopener\"><strong>894<\/strong><\/a><\/td>\n<\/tr>\n<tr>\n<td>\n<p class=\"small\">Jos\u00e9 V. Montoya, Mar\u00eda Mercedes Castillo e Luzmila S\u00e1nchez<\/p>\n<p>A IMPORTANCIA DAS INUNDA\u00c7\u00d5ES PERI\u00d3DICAS PARA O FUNCIONAMENTO E CONSERVA\u00c7\u00c3O DOS ECOSSISTEMAS INUNDAVEIS DE GRANDES R\u00cdOS TROPICAIS: ESTUDOS DA BACIA DO ORINOCO (em espanhol)<\/td>\n<td style=\"text-align: center; vertical-align: middle;\"><a href=\"https:\/\/www.interciencia.net\/wp-content\/uploads\/2018\/01\/900-MONTOYA-8.pdf\" target=\"_blank\" rel=\"noopener\"><strong>900<\/strong><\/a><\/td>\n<\/tr>\n<tr>\n<td>\n<p class=\"small\">Carlos Carmona-Su\u00e1rez<\/p>\n<p>ESTADO ATUAL DAS POPULA\u00c7\u00d5ES DE <em>Cardisoma guanhumi<\/em> Latreille, 1828 (Crustacea: Brachyura: Gecarcinidae) NA VENEZUELA (em ingl\u00eas)<\/td>\n<td style=\"text-align: center; vertical-align: middle;\"><a href=\"https:\/\/www.interciencia.net\/wp-content\/uploads\/2018\/01\/908-CARMONA-6.pdf\" target=\"_blank\" rel=\"noopener\"><strong>908<\/strong><\/a><\/td>\n<\/tr>\n<tr>\n<td>\n<p class=\"small\">Jafet M. Nassar, Adriana E. Garc\u00eda-Rivas e Jos\u00e9 A. Gonz\u00e1lez-Carcac\u00eda<\/p>\n<p>PADR\u00d5ES DE DIVERSIDADE GEN\u00c9TICA EM ESP\u00c9CIES ARB\u00d3REAS DE BOSQUES SECOS FRAGMENTADOS NA VENEZUELA (em espanhol)<\/td>\n<td style=\"text-align: center; vertical-align: middle;\"><a href=\"https:\/\/www.interciencia.net\/wp-content\/uploads\/2018\/01\/914-NASSAR-9.pdf\" target=\"_blank\" rel=\"noopener\"><strong>914<\/strong><\/a><\/td>\n<\/tr>\n<tr>\n<td>\n<p class=\"small\">Edlin Guerra-Castro, Juan J. Cruz-Motta e Jes\u00fas E. Conde<\/p>\n<p>QUANTIFICA\u00c7\u00c3O DA DIVERSIDADE DE ESP\u00c9CIES INCRUSTANTES ASSOCIADAS \u00c0S RA\u00cdZES DE <em>Rhizophora mangle<\/em> L. NO PARQUE NACIONAL LAGUNA DE LA RESTINGA (em espanhol)<\/td>\n<td style=\"text-align: center; vertical-align: middle;\"><a href=\"https:\/\/www.interciencia.net\/wp-content\/uploads\/2018\/01\/923-GUERRA-8.pdf\" target=\"_blank\" rel=\"noopener\"><b>923<\/b><\/a><\/td>\n<\/tr>\n<tr>\n<td>\n<p class=\"small\">Laurie Fajardo, Gisela Cuenca, Pauline Arrindell, Ram\u00f3n Capote e Zamira Hasmy<\/p>\n<p>O USO DOS FUNGOS MICORR\u00cdZICOS ARBUSCULARES NAS PR\u00c1TICAS DE RESTAURA\u00c7\u00c3O ECOL\u00d3GICA (em espanhol)<\/td>\n<td style=\"text-align: center; vertical-align: middle;\"><a href=\"https:\/\/www.interciencia.net\/wp-content\/uploads\/2018\/01\/931-FAJARDO-6.pdf\" target=\"_blank\" rel=\"noopener\"><strong>931<\/strong><\/a><\/td>\n<\/tr>\n<tr>\n<td>\n<p class=\"small\">Ileana Herrera, Noem\u00ed Chac\u00f3n, Sa\u00fal Flores, Diana Benzo, Jos\u00e9 Mart\u00ednez, Belkis Garc\u00eda e Jos\u00e9 I. Hern\u00e1ndez-Rosas<\/p>\n<p>A PLANTA EX\u00d3TICA <em>Kalanchoe daigremontiana<\/em> INCREMENTA O RESERVAT\u00d3RIO E FLUXO DE CARBONO NO SOLO (em espanhol)<\/td>\n<td style=\"text-align: center; vertical-align: middle;\"><a href=\"https:\/\/www.interciencia.net\/wp-content\/uploads\/2018\/01\/937-HERRERA-6.pdf\" target=\"_blank\" rel=\"noopener\"><strong>937<\/strong><\/a><\/td>\n<\/tr>\n<tr>\n<td>\n<p class=\"small\">Alejandro J. Pieters, Eduardo Graterol, Edicta Reyes, Rosa \u00c1lvarez e \u00c1lex Gonz\u00e1lez<\/p>\n<p>CINQUENTA ANOS DE MELHORAMENTO GEN\u00c9TICO DO ARROZ NA VENEZUELA. O QUE TEM SIDO ALCAN\u00c7ADO? (em espanhol)<\/td>\n<td style=\"text-align: center; vertical-align: middle;\"><a href=\"https:\/\/www.interciencia.net\/wp-content\/uploads\/2018\/01\/943-PIETERS-6.pdf\" target=\"_blank\" rel=\"noopener\"><b>943<\/b><\/a><\/td>\n<\/tr>\n<tr>\n<td>\n<p class=\"small\">Margarita Lampo, Dinora A. S\u00e1nchez, Francisco Nava-Gonz\u00e1lez, Carmen Zulay Garc\u00eda e Aldemar Acevedo<\/p>\n<p>O DESAPARECIMENTO DOS SAPINHOS ARLEQUINES (<em>Atelopus<\/em>) NA VENEZUELA: INTRODU\u00c7\u00c3O E PROPAGA\u00c7\u00c3O DO FUNGO QU\u00cdTRIDO <em>Batrachochytrium dendrobatidis<\/em> (em espanhol)<\/td>\n<td style=\"text-align: center; vertical-align: middle;\"><a href=\"https:\/\/www.interciencia.net\/wp-content\/uploads\/2018\/01\/949-LAMPO-5.pdf\" target=\"_blank\" rel=\"noopener\"><strong>949<\/strong><\/a><\/td>\n<\/tr>\n<tr>\n<td>\n<p class=\"small\">Wlodzimierz Jedrzejewski, Mar\u00eda Abarca, \u00c1ngel Viloria, Hugo Cerda, Daniel Lew, Howard Takiff, \u00c9dgar Abad\u00eda, Pablo Velozo e Krzysztof Schmidt<\/p>\n<p>A CONSERVA\u00c7\u00c3O DO JAGUAR NA VENEZUELA PERANTE O CONHECIMENTO ATUAL SOBRE SUA BIOLOGIA E EVOLU\u00c7\u00c3O (em ingl\u00eas)<\/td>\n<td style=\"text-align: center; vertical-align: middle;\"><a href=\"https:\/\/www.interciencia.net\/wp-content\/uploads\/2018\/01\/954-WLOZIMIERZ-13.pdf\" target=\"_blank\" rel=\"noopener\"><strong>954<\/strong><\/a><\/td>\n<\/tr>\n<\/tbody>\n<\/table>\n","protected":false},"excerpt":{"rendered":"<p>\/Editorial\/ Alejandro J. Pieters e Margarita Lampo INVESTIGA\u00c7\u00c3O CIENT\u00cdFICA, DIVERSIDADE BIOL\u00d3GICA E SOCIEDADE 875 \u00a0\/Artigos\/ Ernesto Medina QUARENTA ANOS DO CENTRO DE ECOLOGIA DO INSTITUTO VENEZUELANO DE INVESTIGA\u00c7\u00d5ES CIENT\u00cdFICAS EM PERSPECTIVA (em espanhol) 876 Virginia Sanz, Mail\u00e9n Riveros, Mylene Guti\u00e9rrez e Rafael Moncada VEGETA\u00c7\u00c3O E USO DA TERRA NO ESTADO NUEVA ESPARTA, VENEZUELA: UMA AN\u00c1LISE [&hellip;]<\/p>\n","protected":false},"author":1,"featured_media":0,"comment_status":"closed","ping_status":"open","sticky":false,"template":"","format":"standard","meta":[],"categories":[395],"tags":[],"_links":{"self":[{"href":"https:\/\/www.interciencia.net\/pt\/wp-json\/wp\/v2\/posts\/3878"}],"collection":[{"href":"https:\/\/www.interciencia.net\/pt\/wp-json\/wp\/v2\/posts"}],"about":[{"href":"https:\/\/www.interciencia.net\/pt\/wp-json\/wp\/v2\/types\/post"}],"author":[{"embeddable":true,"href":"https:\/\/www.interciencia.net\/pt\/wp-json\/wp\/v2\/users\/1"}],"replies":[{"embeddable":true,"href":"https:\/\/www.interciencia.net\/pt\/wp-json\/wp\/v2\/comments?post=3878"}],"version-history":[{"count":2,"href":"https:\/\/www.interciencia.net\/pt\/wp-json\/wp\/v2\/posts\/3878\/revisions"}],"predecessor-version":[{"id":3882,"href":"https:\/\/www.interciencia.net\/pt\/wp-json\/wp\/v2\/posts\/3878\/revisions\/3882"}],"wp:attachment":[{"href":"https:\/\/www.interciencia.net\/pt\/wp-json\/wp\/v2\/media?parent=3878"}],"wp:term":[{"taxonomy":"category","embeddable":true,"href":"https:\/\/www.interciencia.net\/pt\/wp-json\/wp\/v2\/categories?post=3878"},{"taxonomy":"post_tag","embeddable":true,"href":"https:\/\/www.interciencia.net\/pt\/wp-json\/wp\/v2\/tags?post=3878"}],"curies":[{"name":"wp","href":"https:\/\/api.w.org\/{rel}","templated":true}]}}