{"id":3798,"date":"2011-03-09T22:18:18","date_gmt":"2011-03-09T22:18:18","guid":{"rendered":"https:\/\/www.interciencia.net\/pt\/?p=3798"},"modified":"2018-01-12T23:09:33","modified_gmt":"2018-01-12T23:09:33","slug":"edicao-03-4","status":"publish","type":"post","link":"https:\/\/www.interciencia.net\/pt\/volume-36\/edicao-03-4\/","title":{"rendered":"Volume 36 Edi\u00e7\u00e3o 03"},"content":{"rendered":"<table width=\"100%\">\n<tbody>\n<tr>\n<td><strong>\/DECLARA\u00c7\u00c3O DE MANAUS \/ D\u00c9CLARATION DE MANAUS\/<\/strong><\/td>\n<td style=\"text-align: center; vertical-align: middle;\"><a href=\"https:\/\/www.interciencia.net\/pt\/files\/2018\/01\/167-MANAUS-2-pt.pdf\" target=\"_blank\" rel=\"noopener\"><b>167-168<\/b><\/a><\/td>\n<\/tr>\n<tr>\n<td colspan=\"2\"><strong>\/Editorial\/<\/strong><\/td>\n<\/tr>\n<tr>\n<td>\n<p class=\"small\">Miguel Laufer<\/p>\n<p>A ASSOCIA\u00c7\u00c3O INTERCI\u00caNCIA E O FUTURO DA AMAZ\u00d4NIA<\/td>\n<td style=\"text-align: center; vertical-align: middle;\" width=\"20%\"><a href=\"https:\/\/www.interciencia.net\/pt\/files\/2018\/01\/171-editorial-pt-36-03.pdf\" target=\"_blank\" rel=\"noopener\"><strong>171<\/strong><\/a><\/td>\n<\/tr>\n<tr>\n<td colspan=\"2\">\u00a0<strong>\/Artigos\/<\/strong><\/td>\n<\/tr>\n<tr>\n<td>\n<p class=\"small\">Mariza Almeida, Elaine Borin, Carlos Mario \u00c1lvarez, Branca Terra e Thaddeus Blanchetti<\/p>\n<p>ANALISE DA REDE DAS INCUBADORAS DO ESTADO DO RIO DE JANEIRO (ReINC): CARACTER\u00cdSTICAS E INFLUENZA NA ORGANI\u00c7\u00c3O A SUSTENTABILIDADE DAS INCUBADORAS\u00a0(em ingl\u00eas)<\/td>\n<td style=\"text-align: center; vertical-align: middle;\"><a href=\"https:\/\/www.interciencia.net\/wp-content\/uploads\/2018\/01\/172-ALMEIDA-6.pdf\" target=\"_blank\" rel=\"noopener\"><strong>172<\/strong><\/a><\/td>\n<\/tr>\n<tr>\n<td>\n<p class=\"small\">Manuela Vega-Zamora, Manuel Parras-Rosa, Francisco Jos\u00e9 Torres-Ruiz e Eva M. Murgado-Armenteros<\/p>\n<p>OS FATORES IMPULSORES E INIBIDORES DO CONSUMO DE ALIMENTOS ECOL\u00d3GICOS NA ESPANHA. O CASO DO AZEITE DE OLIVA (em espanhol)<\/td>\n<td style=\"text-align: center; vertical-align: middle;\"><a href=\"https:\/\/www.interciencia.net\/wp-content\/uploads\/2018\/01\/178-VEGA-ZAMORA-7.pdf\" target=\"_blank\" rel=\"noopener\"><strong>178<\/strong><\/a><\/td>\n<\/tr>\n<tr>\n<td>\n<p class=\"small\">Aracelis Hern\u00e1ndez, Lelys Guenni e Bruno Sans\u00f3<\/p>\n<p>CARACTER\u00cdSTICAS DA PRECIPITA\u00c7\u00c3O EXTREMA EM ALGUMAS LOCALIDADES DE VENEZUELA (em espanhol)<\/td>\n<td style=\"text-align: center; vertical-align: middle;\"><a href=\"https:\/\/www.interciencia.net\/wp-content\/uploads\/2018\/01\/185-HERNANDEZ-7.pdf\" target=\"_blank\" rel=\"noopener\"><strong>185<\/strong><\/a><\/td>\n<\/tr>\n<tr>\n<td>\n<p class=\"small\">Dorys T. Chirinos e Francis Geraud-Pouey<\/p>\n<p>A MANIPULA\u00c7\u00c3O DE PRAGAS AGR\u00cdCOLAS NA VENEZUELA. AN\u00c1LISE E REFLEX\u00d5ES SOBRE ALGUNS CASOS (em espanhol)<\/td>\n<td style=\"text-align: center; vertical-align: middle;\"><a href=\"https:\/\/www.interciencia.net\/wp-content\/uploads\/2018\/01\/192-CHIRINOS-8.pdf\" target=\"_blank\" rel=\"noopener\"><strong>192<\/strong><\/a><\/td>\n<\/tr>\n<tr>\n<td>\n<p class=\"small\">Anabela Paiva, Jo\u00e3o Varaj\u00e3o, Caroline Dom\u00ednguez e Pedro Ribeiro<\/p>\n<p>PRINCIPAIS ASPECTOS NA AVALA\u00c7\u00c3O DO SUCESSO DE PROJECTOS DE DESENVOLVIMENTO DE SOFTWARE. H\u00c1 ALGUMA RELA\u00c7\u00c3O COM O QUE \u00c9 CONSIDERADO NOUTRAS IND\u00daSTRIAS? (em portugu\u00eas)<\/td>\n<td style=\"text-align: center; vertical-align: middle;\"><a href=\"https:\/\/www.interciencia.net\/wp-content\/uploads\/2018\/01\/200-VARAJAO-5.pdf\" target=\"_blank\" rel=\"noopener\"><strong>200<\/strong><\/a><\/td>\n<\/tr>\n<tr>\n<td colspan=\"2\"><strong>\/Comunica\u00e7\u00f5es\/<\/strong><\/td>\n<\/tr>\n<tr>\n<td>\n<p class=\"small\">Lorena Vieira Bentolila de Aguiar, Ceci Sales-Campos, Cristiane Suely Melo de Carvalho, Marli Teixeira de Almeida Minhoni e Meire Cristina Nogueira de Andrade<\/p>\n<p>DESENVOLVIMENTO MICELIAL DE\u00a0<em>Lentinula edodes<\/em>\u00a0EM MEIOS DE CULTIVO \u00c0 BASE DE DIFERENTES SUBSTRATOS ORG\u00c2NICOS\u00a0(em portugu\u00eas)<\/td>\n<td style=\"text-align: center; vertical-align: middle;\"><a href=\"https:\/\/www.interciencia.net\/wp-content\/uploads\/2018\/01\/205-c-1\u00ba-ANDRADE-6.pdf\" target=\"_blank\" rel=\"noopener\"><strong>205<\/strong><\/a><\/td>\n<\/tr>\n<tr>\n<td>\n<p class=\"small\">Antonio De Turris, Suher Carolina Yabroudi, Brenyith Valbuena, Charles Guti\u00e9rrez, Carmen C\u00e1rdenas, Lenin Herrera e Carlos Rojas<\/p>\n<p>TRATAMENTO DE \u00c1G UAS DE PRODU\u00c7\u00c3O POR FLOTA\u00c7\u00c3O POR AR DISSOLVIDO (em espanhol)<\/td>\n<td style=\"text-align: center; vertical-align: middle;\"><a href=\"https:\/\/www.interciencia.net\/wp-content\/uploads\/2018\/01\/211-c-YABROUDI-8.pdf\" target=\"_blank\" rel=\"noopener\"><strong>211<\/strong><\/a><\/td>\n<\/tr>\n<tr>\n<td>\n<p class=\"small\">Orlando Rodr\u00edguez Rodr\u00edguez, Aymara Aracelis S\u00e1nchez Gal\u00edndez, Betty Josefina Mendoza Escalona, Zulime F. Rodr\u00edguez G., Manuel Henr\u00edquez Rodr\u00edguez, Vianel Rodr\u00edguez P. e Elicel Guerra Dom\u00ednguez<\/p>\n<p>CAPACIDADE DE EXTRA\u00c7\u00c3O DE C\u00c1TIONS MEDIANTE ACETATO DE AM\u00d4NIO, ACETATO DE S\u00d3DIO E CLORETO DE AM\u00d4NIO (em espanhol)<\/td>\n<td style=\"text-align: center; vertical-align: middle;\"><a href=\"https:\/\/www.interciencia.net\/wp-content\/uploads\/2018\/01\/219-c-RODRIGUEZ-5.pdf\" target=\"_blank\" rel=\"noopener\"><strong>219<\/strong><\/a><\/td>\n<\/tr>\n<tr>\n<td>\n<p class=\"small\">Cuauht\u00e9moc U. Moreno-Medina, Luz de M. Bret\u00f3n-Deval, Elvira R\u00edos-Leal, Josefina Barrera-Cort\u00e9s, Noem\u00ed Rinderknecht-Seijas e H\u00e9ctor M. Poggi-Varaldo<\/p>\n<p>INCREMENTO DA SOLUBILIDADE DE PERCLOROETILENO COM UM TENSOATIVO N\u00c3O I\u00d4NICO (em espanhol)<\/td>\n<td style=\"text-align: center; vertical-align: middle;\"><a href=\"https:\/\/www.interciencia.net\/wp-content\/uploads\/2018\/01\/224-c-POGGI-5.pdf\" target=\"_blank\" rel=\"noopener\"><strong>224<\/strong><\/a><\/td>\n<\/tr>\n<tr>\n<td>\n<p class=\"small\">Mauro Nirchio, Tatiane Casagrande Mariguela, Irani Alves Ferreira, Fausto Foresti e Claudio Oliveira<\/p>\n<p>CARI\u00d3TIPO E REGI\u00d5ES DE ORGANIZADORES NUCLEOLARES DE\u00a0<em>Ophisternon aenigmaticum\u00a0<\/em>(Teleostei: Synbranchiformes: Synbranchidae) DE VENEZUELA (em ingl\u00eas)<\/td>\n<td style=\"text-align: center; vertical-align: middle;\"><a href=\"https:\/\/www.interciencia.net\/wp-content\/uploads\/2018\/01\/229-c-NIRCHIO-5.pdf\" target=\"_blank\" rel=\"noopener\"><strong>229<\/strong><\/a><\/td>\n<\/tr>\n<tr>\n<td>\n<p class=\"small\">Lusiane Malafatti, Matheus C. G. Martins, Andr\u00e9 C. Vieira, Rodolfo A. Zampieri, Lilian S. Gomes e Isarita Martins<\/p>\n<p>INFLU\u00caNCIA DA FUMA\u00c7A DO TABACO NOS N\u00cdVEIS URIN\u00c1RIOS DE \u00c1CIDO TRANS, TRANS-MUC\u00d4NICO AVALIADOS POR AN\u00c1LISE DE COTININA URIN\u00c1RIA EM UMA POPULA\u00c7\u00c3O DO SUL DE MINAS GERAIS, BRASIL\u00a0(em ingl\u00eas)<\/td>\n<td style=\"text-align: center; vertical-align: middle;\"><a href=\"https:\/\/www.interciencia.net\/wp-content\/uploads\/2018\/01\/234-c-MARTINS-6.pdf\" target=\"_blank\" rel=\"noopener\"><strong>234<\/strong><\/a><\/td>\n<\/tr>\n<\/tbody>\n<\/table>\n","protected":false},"excerpt":{"rendered":"<p>\/DECLARA\u00c7\u00c3O DE MANAUS \/ D\u00c9CLARATION DE MANAUS\/ 167-168 \/Editorial\/ Miguel Laufer A ASSOCIA\u00c7\u00c3O INTERCI\u00caNCIA E O FUTURO DA AMAZ\u00d4NIA 171 \u00a0\/Artigos\/ Mariza Almeida, Elaine Borin, Carlos Mario \u00c1lvarez, Branca Terra e Thaddeus Blanchetti ANALISE DA REDE DAS INCUBADORAS DO ESTADO DO RIO DE JANEIRO (ReINC): CARACTER\u00cdSTICAS E INFLUENZA NA ORGANI\u00c7\u00c3O A SUSTENTABILIDADE DAS INCUBADORAS\u00a0(em ingl\u00eas) [&hellip;]<\/p>\n","protected":false},"author":1,"featured_media":0,"comment_status":"closed","ping_status":"open","sticky":false,"template":"","format":"standard","meta":[],"categories":[395],"tags":[],"_links":{"self":[{"href":"https:\/\/www.interciencia.net\/pt\/wp-json\/wp\/v2\/posts\/3798"}],"collection":[{"href":"https:\/\/www.interciencia.net\/pt\/wp-json\/wp\/v2\/posts"}],"about":[{"href":"https:\/\/www.interciencia.net\/pt\/wp-json\/wp\/v2\/types\/post"}],"author":[{"embeddable":true,"href":"https:\/\/www.interciencia.net\/pt\/wp-json\/wp\/v2\/users\/1"}],"replies":[{"embeddable":true,"href":"https:\/\/www.interciencia.net\/pt\/wp-json\/wp\/v2\/comments?post=3798"}],"version-history":[{"count":3,"href":"https:\/\/www.interciencia.net\/pt\/wp-json\/wp\/v2\/posts\/3798\/revisions"}],"predecessor-version":[{"id":3805,"href":"https:\/\/www.interciencia.net\/pt\/wp-json\/wp\/v2\/posts\/3798\/revisions\/3805"}],"wp:attachment":[{"href":"https:\/\/www.interciencia.net\/pt\/wp-json\/wp\/v2\/media?parent=3798"}],"wp:term":[{"taxonomy":"category","embeddable":true,"href":"https:\/\/www.interciencia.net\/pt\/wp-json\/wp\/v2\/categories?post=3798"},{"taxonomy":"post_tag","embeddable":true,"href":"https:\/\/www.interciencia.net\/pt\/wp-json\/wp\/v2\/tags?post=3798"}],"curies":[{"name":"wp","href":"https:\/\/api.w.org\/{rel}","templated":true}]}}