{"id":3741,"date":"2012-09-06T12:06:05","date_gmt":"2012-09-06T12:06:05","guid":{"rendered":"https:\/\/www.interciencia.net\/pt\/?p=3741"},"modified":"2018-01-06T12:14:23","modified_gmt":"2018-01-06T12:14:23","slug":"edicao-09-3","status":"publish","type":"post","link":"https:\/\/www.interciencia.net\/pt\/volume-37\/edicao-09-3\/","title":{"rendered":"Volume 37 Edi\u00e7\u00e3o 09"},"content":{"rendered":"<table width=\"100%\">\n<tbody>\n<tr>\n<td colspan=\"2\"><strong>\/Editorial\/<\/strong><\/td>\n<\/tr>\n<tr>\n<td>\n<p class=\"small\">Miguel Laufer<\/p>\n<p>AS NECESSIDADES DE NOSSA GENTE<\/td>\n<td style=\"text-align: center; vertical-align: middle;\" width=\"20%\"><a href=\"https:\/\/www.interciencia.net\/pt\/files\/2018\/01\/643-editorial-pt-37-09.pdf\" target=\"_blank\" rel=\"noopener\"><strong>643<\/strong><\/a><\/td>\n<\/tr>\n<tr>\n<td colspan=\"2\">\u00a0<strong>\/Artigos\/<\/strong><\/td>\n<\/tr>\n<tr>\n<td>\n<p class=\"small\">Ingrid Inciarte, Luis Mart\u00ed-L\u00f3pez, Evelio E. Ram\u00edrez-Miquet, Erick Hern\u00e1ndez, \u00c1ngel Viloria e Fernando Ot\u00e1lora-Luna<\/p>\n<p>PROCESSADO DE PADR\u00d5ES DE SPECKLE MEDIANTE M\u00c9TODOS NA MEDI\u00c7\u00c3O DA DESSECA\u00c7\u00c3O DE SEMENTES DE UCHUVA (<em>Physalis peruviana<\/em> L.) (em espanhol)<\/td>\n<td style=\"text-align: center; vertical-align: middle;\"><a href=\"https:\/\/www.interciencia.net\/wp-content\/uploads\/2018\/01\/644-INCIARTE-7-corr.pdf\" target=\"_blank\" rel=\"noopener\"><strong>644<\/strong><\/a><\/td>\n<\/tr>\n<tr>\n<td>\n<p class=\"small\">Sergio Alejandro P\u00e9rez-Valencia e Eugenio Alberto Arag\u00f3n-Noriega<\/p>\n<p>DETERMINA\u00c7\u00c3O DE BIOMASSA E BANCOS DE MEXILH\u00c3O <em>Panopea globosa<\/em> (Dall, 1898) EM UMA ZONA VIRGEM DO ALTO GOLFO DE CALIF\u00d3RNIA (em espanhol)<\/td>\n<td style=\"text-align: center; vertical-align: middle;\"><a href=\"https:\/\/www.interciencia.net\/wp-content\/uploads\/2018\/01\/651-ARAGON-6.pdf\" target=\"_blank\" rel=\"noopener\"><strong>651<\/strong><\/a><\/td>\n<\/tr>\n<tr>\n<td>\n<p class=\"small\">Patr\u00edcia Braga Lovatto, Gustavo Schiedeck e Fl\u00e1vio Roberto Mello Garcia<\/p>\n<p>A INTERA\u00c7\u00c3O CO-EVOLUTIVA ENTRE INSETOS E PLANTAS COMO ESTRAT\u00c9GIA AO MANEJO AGROECOL\u00d3GICO EM AGROECOSSISTEMAS SUSTENT\u00c1VEIS (em portugu\u00eas)<\/td>\n<td style=\"text-align: center; vertical-align: middle;\"><a href=\"https:\/\/www.interciencia.net\/wp-content\/uploads\/2018\/01\/657-LOVATTO-7.pdf\" target=\"_blank\" rel=\"noopener\"><strong>657<\/strong><\/a><\/td>\n<\/tr>\n<tr>\n<td>\n<p class=\"small\">Jos\u00e9 Luis Gil e A\u00edda Sol\u00eds<\/p>\n<p>SPILLOVERS TECNOL\u00d3GICOS PELA MOBILIDADE DE EMPREGADOS DE MULTINACIONAIS: ESTRAT\u00c9GIAS DE CAPACITA\u00c7\u00c3O DA IND\u00daSTRIA MAQUILADORA DE EXPORTA\u00c7\u00c3O (em espanhol)<\/td>\n<td style=\"text-align: center; vertical-align: middle;\"><a href=\"https:\/\/www.interciencia.net\/wp-content\/uploads\/2018\/01\/671-VALBUENA-7.pdf\" target=\"_blank\" rel=\"noopener\"><strong>664<\/strong><\/a><\/td>\n<\/tr>\n<tr>\n<td>\n<p class=\"small\">Cristina Ricoy, Nicol\u00e1s Boul\u00e9, Lu\u00eds Ama\u00edz, Esther Torcuatti, Lu\u00eds Medina, Oscar Valbuena e Zoraida Fern\u00e1ndez<\/p>\n<p>TRANSFER\u00caNCIA DA CAPACIDADE DEGRADADORA DE COMBUST\u00cdVEL DIESEL A <em>Escherichia coli<\/em> DH5\u03b1 POR PLASM\u00cdDEOS DE BACT\u00c9RIAS ISOLADAS DE SOLOS CONTAMINADOS COM PETR\u00d3LEO (em espanhol)<\/td>\n<td style=\"text-align: center; vertical-align: middle;\"><a href=\"https:\/\/www.interciencia.net\/wp-content\/uploads\/2018\/01\/671-VALBUENA-7.pdf\" target=\"_blank\" rel=\"noopener\"><strong>671<\/strong><\/a><\/td>\n<\/tr>\n<tr>\n<td>\n<p class=\"small\">Rosa Laura Carrillo Garc\u00eda, Dante Arturo Rodr\u00edguez Trejo, Hubert Tchikou\u00e9, Alejandro Ismael Monterroso Rivas e Javier Santillan P\u00e9rez<\/p>\n<p>AN\u00c1LISE ESPACIAL DE PERIGO DE INC\u00caNDIOS FLORESTAIS EM PUEBLA, M\u00c9XICO (em espanhol)<\/td>\n<td style=\"text-align: center; vertical-align: middle;\"><a href=\"https:\/\/www.interciencia.net\/wp-content\/uploads\/2018\/01\/678-RODRIGUEZ-6.pdf\" target=\"_blank\" rel=\"noopener\"><strong>678<\/strong><\/a><\/td>\n<\/tr>\n<tr>\n<td colspan=\"2\"><strong>\/Comunica\u00e7\u00f5es\/<\/strong><\/td>\n<\/tr>\n<tr>\n<td>\n<p class=\"small\">Erika Arnao, Natalia Labr\u00edn, Manuel \u00c1vila, Sarahys Sanz, Yorman Jayaro, Eduardo Graterol e Iv\u00e1n Galindo Castro<\/p>\n<p>VALIDA\u00c7\u00c3O DE UM MARCADOR MICROSAT\u00c9LITE ASSOCIADO AO GEN <em>waxy<\/em> PARA A AVALIA\u00c7\u00c3O DO CONTE\u00daDO DE AMILOSE EM ACESS\u00d5ES DE UM BANCO DE GERMOPLASMA VENEZUELANO (em espanhol)<\/td>\n<td style=\"text-align: center; vertical-align: middle;\"><a href=\"https:\/\/www.interciencia.net\/wp-content\/uploads\/2018\/01\/684-c-1\u00ba-ARNAO-5.pdf\" target=\"_blank\" rel=\"noopener\"><strong>684<\/strong><\/a><\/td>\n<\/tr>\n<tr>\n<td>\n<p class=\"small\">Martha Nayeli Robledo-Esqueda, H\u00e9ctor Lozoya-Salda\u00f1a e Mar\u00eda Teresa Colinas-Le\u00f3n<\/p>\n<p>INDU\u00c7\u00c3O DE DEFESA EM BATATA (<em>Solanum tuberosum<\/em> L.) CONTRA <em>Phytophthora infestans<\/em> MONT. DE BARY POR FUNGICIDAS (em espanhol)<\/td>\n<td style=\"text-align: center; vertical-align: middle;\"><a href=\"https:\/\/www.interciencia.net\/wp-content\/uploads\/2018\/01\/689-c-LOZOYA-7.pdf\" target=\"_blank\" rel=\"noopener\"><strong>689<\/strong><\/a><\/td>\n<\/tr>\n<tr>\n<td>\n<p class=\"small\">Marcos Antonio Dolinski, Alex Sandro Poltronieri, Jos\u00e9lia Maria Schuber e Louise Larissa May-De Mio<\/p>\n<p>REDU\u00c7\u00c3O E \u00c9POCAS DE APLICA\u00c7\u00d5ES DE FUNGICIDAS PARA MANEJO DA SARNA EM AMEIXEIRA (em portugu\u00eas)<\/td>\n<td style=\"text-align: center; vertical-align: middle;\"><a href=\"https:\/\/www.interciencia.net\/wp-content\/uploads\/2018\/01\/696-c-MAY-DE-MIO-5.pdf\" target=\"_blank\" rel=\"noopener\"><strong>696<\/strong><\/a><\/td>\n<\/tr>\n<tr>\n<td>\n<p class=\"small\">Edgloris Marys, Thaly Fern\u00e1ndez-Rodr\u00edguez e Alexander Mej\u00edas<\/p>\n<p>INCID\u00caNCIA DO V\u00cdRUS <em>Southern bean mosaic v\u00edrus<\/em> (SBMV) EM FEIJ\u00d5ES (<em>Phaseolus vulgaris<\/em> L.) NO ESTADO ARAGUA, VENEZUELA, E CARACTERIZA\u00c7\u00c3O MOLECULAR PARCIAL DE UM ISOLAMENTO VIRAL (em espanhol)<\/td>\n<td style=\"text-align: center; vertical-align: middle;\"><a href=\"https:\/\/www.interciencia.net\/wp-content\/uploads\/2018\/01\/701-c-MARYS-4.pdf\" target=\"_blank\" rel=\"noopener\"><strong>701<\/strong><\/a><\/td>\n<\/tr>\n<tr>\n<td colspan=\"2\"><strong>\/Ensaios\/<\/strong><\/td>\n<\/tr>\n<tr>\n<td>\n<p class=\"small\">Ariel E. Lugo, Eileen H. Helmer e Eugenio Santiago Valent\u00edn<\/p>\n<p>PAISAGENS DO CARIBE E SUA BIODIVERSIDADE (em ingl\u00eas)<\/td>\n<td style=\"text-align: center; vertical-align: middle;\"><a href=\"https:\/\/www.interciencia.net\/wp-content\/uploads\/2018\/01\/705-1\u00ba-e-LUGO-6.pdf\" target=\"_blank\" rel=\"noopener\"><strong>705<\/strong><\/a><\/td>\n<\/tr>\n<tr>\n<td>\n<p class=\"small\">Ricardo Serra Borsatto e Maristela Sim\u00f5es Do Carmo<\/p>\n<p>AGROECOLOGIA E SUA EPISTEMOLOGIA (em portugu\u00eas)<\/td>\n<td style=\"text-align: center; vertical-align: middle;\"><a href=\"https:\/\/www.interciencia.net\/wp-content\/uploads\/2018\/01\/711-1\u00ba-e-BORSATTO-6.pdf\" target=\"_blank\" rel=\"noopener\"><strong>711<\/strong><\/a><\/td>\n<\/tr>\n<\/tbody>\n<\/table>\n","protected":false},"excerpt":{"rendered":"<p>\/Editorial\/ Miguel Laufer AS NECESSIDADES DE NOSSA GENTE 643 \u00a0\/Artigos\/ Ingrid Inciarte, Luis Mart\u00ed-L\u00f3pez, Evelio E. Ram\u00edrez-Miquet, Erick Hern\u00e1ndez, \u00c1ngel Viloria e Fernando Ot\u00e1lora-Luna PROCESSADO DE PADR\u00d5ES DE SPECKLE MEDIANTE M\u00c9TODOS NA MEDI\u00c7\u00c3O DA DESSECA\u00c7\u00c3O DE SEMENTES DE UCHUVA (Physalis peruviana L.) (em espanhol) 644 Sergio Alejandro P\u00e9rez-Valencia e Eugenio Alberto Arag\u00f3n-Noriega DETERMINA\u00c7\u00c3O DE BIOMASSA [&hellip;]<\/p>\n","protected":false},"author":1,"featured_media":0,"comment_status":"closed","ping_status":"open","sticky":false,"template":"","format":"standard","meta":[],"categories":[384],"tags":[],"_links":{"self":[{"href":"https:\/\/www.interciencia.net\/pt\/wp-json\/wp\/v2\/posts\/3741"}],"collection":[{"href":"https:\/\/www.interciencia.net\/pt\/wp-json\/wp\/v2\/posts"}],"about":[{"href":"https:\/\/www.interciencia.net\/pt\/wp-json\/wp\/v2\/types\/post"}],"author":[{"embeddable":true,"href":"https:\/\/www.interciencia.net\/pt\/wp-json\/wp\/v2\/users\/1"}],"replies":[{"embeddable":true,"href":"https:\/\/www.interciencia.net\/pt\/wp-json\/wp\/v2\/comments?post=3741"}],"version-history":[{"count":2,"href":"https:\/\/www.interciencia.net\/pt\/wp-json\/wp\/v2\/posts\/3741\/revisions"}],"predecessor-version":[{"id":3745,"href":"https:\/\/www.interciencia.net\/pt\/wp-json\/wp\/v2\/posts\/3741\/revisions\/3745"}],"wp:attachment":[{"href":"https:\/\/www.interciencia.net\/pt\/wp-json\/wp\/v2\/media?parent=3741"}],"wp:term":[{"taxonomy":"category","embeddable":true,"href":"https:\/\/www.interciencia.net\/pt\/wp-json\/wp\/v2\/categories?post=3741"},{"taxonomy":"post_tag","embeddable":true,"href":"https:\/\/www.interciencia.net\/pt\/wp-json\/wp\/v2\/tags?post=3741"}],"curies":[{"name":"wp","href":"https:\/\/api.w.org\/{rel}","templated":true}]}}