{"id":3685,"date":"2012-02-04T22:25:54","date_gmt":"2012-02-04T22:25:54","guid":{"rendered":"https:\/\/www.interciencia.net\/pt\/?p=3685"},"modified":"2018-01-06T02:37:41","modified_gmt":"2018-01-06T02:37:41","slug":"edicao-02-2","status":"publish","type":"post","link":"https:\/\/www.interciencia.net\/pt\/volume-37\/edicao-02-2\/","title":{"rendered":"Volume 37 Edi\u00e7\u00e3o 02"},"content":{"rendered":"<table width=\"100%\">\n<tbody>\n<tr>\n<td colspan=\"2\"><strong>\/Editorial\/<\/strong><\/td>\n<\/tr>\n<tr>\n<td>\n<p class=\"small\">Jon Paul Rodr\u00edguez e Franklin Rojas-Su\u00e1rez<\/p>\n<p>MAIOR PARTICIPA\u00c7\u00c3O DA COMUNIDADE CIENT\u00cdFICA EM BASES DE DADOS P\u00daBLICAS SOBRE BIODIVERSIDADE VENEZUELANA<\/td>\n<td style=\"text-align: center; vertical-align: middle;\" width=\"20%\"><a href=\"https:\/\/www.interciencia.net\/pt\/files\/2018\/01\/87-editorial-pt-37-02.pdf\" target=\"_blank\" rel=\"noopener\"><strong>87<\/strong><\/a><\/td>\n<\/tr>\n<tr>\n<td colspan=\"2\">\u00a0<strong>\/Artigos\/<\/strong><\/td>\n<\/tr>\n<tr>\n<td>\n<p class=\"small\">Marcelo Tabarelli, Ant\u00f4nio Venceslau Aguiar, Milton Cezar Ribeiro e Jean Paul Metzger<\/p>\n<p>A CONVERS\u00c3O DA FLORESTA ATL\u00c2NTICA EM PAISAGENS ANTR\u00d3PICAS: LI\u00c7\u00d5ES PARA A CONSERVA\u00c7\u00c3O DA DIVERSIDADE BIOL\u00d3GICA DAS FLORESTAS TROPICAIS (em espanhol)<\/td>\n<td style=\"text-align: center; vertical-align: middle;\"><a href=\"https:\/\/www.interciencia.net\/wp-content\/uploads\/2018\/01\/088-TABARELLI-5-2.pdf\" target=\"_blank\" rel=\"noopener\"><strong>88<\/strong><\/a><\/td>\n<\/tr>\n<tr>\n<td>\n<p class=\"small\">Jos\u00e9 G. Rodr\u00edguez-Quintal<\/p>\n<p>CARACTERIZA\u00c7\u00c3O DOS PEIXES CRIPTO-BENT\u00d4NICOS DE ARRECIFES DO PARQUE NACIONAL SAN ESTEBAN, VENEZUELA (em espanhol)<\/td>\n<td style=\"text-align: center; vertical-align: middle;\"><a href=\"https:\/\/www.interciencia.net\/wp-content\/uploads\/2018\/01\/093-RODRIGUEZ-QUINTAL-6.pdf\" target=\"_blank\" rel=\"noopener\"><strong>93<\/strong><\/a><\/td>\n<\/tr>\n<tr>\n<td>\n<p class=\"small\">Mar\u00eda Valentina Fuentes H, Surima Dakdouk, Luisa Rojas de Astudillo, Andr\u00e9s A. Escalona e Armando Ram\u00edrez<\/p>\n<p>PRESEN\u00c7A E FONTES DE HIDROCARBONETOS POLIC\u00cdCLICOS AROM\u00c1TICOS NOS SEDIMENTOS SUPERFICIAIS DO BOLS\u00c3O DO GOLFO DE CARIACO, VENEZUELA (em espanhol)<\/td>\n<td style=\"text-align: center; vertical-align: middle;\"><a href=\"https:\/\/www.interciencia.net\/wp-content\/uploads\/2018\/01\/099-FUENTES-8.pdf\" target=\"_blank\" rel=\"noopener\"><strong>99<\/strong><\/a><\/td>\n<\/tr>\n<tr>\n<td>\n<p class=\"small\">Ruth Magnolia Mart\u00ednez Pe\u00f1a, Elisabeth Huber-Sannwald, Jos\u00e9 Tulio Arredondo Moreno, Mar\u00eda Cecilia Costero Garbarino e Francisco Pe\u00f1a de Paz<\/p>\n<p>AN\u00c1LISE DO CONCEITO DE SUSTENTABILIDADE NA LEGISLA\u00c7\u00c3O MEXICANA USANDO O PARADIGMA DE DESENVOLVIMENTO DAS \u00c1REAS SECAS (em espanhol)<\/td>\n<td style=\"text-align: center; vertical-align: middle;\"><a href=\"https:\/\/www.interciencia.net\/wp-content\/uploads\/2018\/01\/107-MARTINEZ-7.pdf\" target=\"_blank\" rel=\"noopener\"><strong>107<\/strong><\/a><\/td>\n<\/tr>\n<tr>\n<td>\n<p class=\"small\">Ma. de Lourdes de la Rosa-Carrillo, Manuel S. Dom\u00ednguez-Rosales, Martha E. P\u00e9rez-Reyes e Eugenio P\u00e9rez-Molphe-Balch<\/p>\n<p>CULTIVO E PROPAGA\u00c7\u00c3O IN VITRO DE CACT\u00c1CEAS AMEA\u00c7ADAS DO G\u00caNERO <em>Turbinicarpus<\/em> (em espanhol)<\/td>\n<td style=\"text-align: center; vertical-align: middle;\"><a href=\"https:\/\/www.interciencia.net\/wp-content\/uploads\/2018\/01\/114-PEREZ-MOLPHE-7.pdf\" target=\"_blank\" rel=\"noopener\"><strong>114<\/strong><\/a><\/td>\n<\/tr>\n<tr>\n<td>\n<p class=\"small\">Mirza Cequea e Carlos Rodr\u00edguez-Monroy<\/p>\n<p>PRODUTIVIDADE E FATORES HUMANOS. UM MODELO COM EQUA\u00c7\u00d5ES ESTRUTURAIS (em espanhol)<\/td>\n<td style=\"text-align: center; vertical-align: middle;\"><a href=\"https:\/\/www.interciencia.net\/wp-content\/uploads\/2018\/01\/121-CEQUEA-7.pdf\" target=\"_blank\" rel=\"noopener\"><strong>121<\/strong><\/a><\/td>\n<\/tr>\n<tr>\n<td colspan=\"2\"><strong>\/Comunica\u00e7\u00f5es\/<\/strong><\/td>\n<\/tr>\n<tr>\n<td>\n<p class=\"small\">Mart\u00edn Dur\u00e1n-Garc\u00eda, Yrina Ram\u00edrez, Ricardo Bravo e Luis Rojas-Sol\u00f3rzano<\/p>\n<p>VALORIZA\u00c7\u00c3O DA PRODU\u00c7\u00c3O DE BIOG\u00c1S PARA USO DOM\u00c9STICO EM UMA AMOSTRA SELETIVA DE DETRITOS ORG\u00c2NICOS VEGETAIS. ESTUDO PRELIMINAR (em ingl\u00eas)<\/td>\n<td style=\"text-align: center; vertical-align: middle;\"><a href=\"https:\/\/www.interciencia.net\/wp-content\/uploads\/2018\/01\/128-c-1\u00ba-DURAN-5.pdf\" target=\"_blank\" rel=\"noopener\"><strong>128<\/strong><\/a><\/td>\n<\/tr>\n<tr>\n<td>\n<p class=\"small\">Mar\u00eda Beatriz Barreto e Eduardo Barreto-Pittol<\/p>\n<p>PRIMEIRO RELAT\u00d3RIO DE <em>Rhizophora racemosa<\/em>\u00a0MEYER (RHIZOPHORACEAE) NOS MANGUES DA COSTA DO CARIBE DA VENEZUELA\u00a0(em ingl\u00eas)<\/td>\n<td style=\"text-align: center; vertical-align: middle;\"><a href=\"https:\/\/www.interciencia.net\/wp-content\/uploads\/2018\/01\/133-c-BARRETO-5.pdf\" target=\"_blank\" rel=\"noopener\"><strong>133<\/strong><\/a><\/td>\n<\/tr>\n<tr>\n<td>\n<p class=\"small\">La\u00eds Bentes de Almeida, Ceci Sales-Campos, Cristiane Suely Melo de Carvalho, Marli Teixeira de Almeida Minhoni e Meire Cristina Nogueira de Andrade<\/p>\n<p>VIABILIDADE DE CRESCIMENTO MICELIAL DE <em>Coprinus comatus<\/em>\u00a0EM MEIO DE CULTURA \u00c0 BASE DE RES\u00cdDUOS ORG\u00c2NICOS\u00a0(em portugu\u00eas)<\/td>\n<td style=\"text-align: center; vertical-align: middle;\"><a href=\"https:\/\/www.interciencia.net\/wp-content\/uploads\/2018\/01\/138-c-ANDRADE-4.pdf\" target=\"_blank\" rel=\"noopener\"><strong>138<\/strong><\/a><\/td>\n<\/tr>\n<tr>\n<td>\n<p class=\"small\">Carlos Alberto Fuenmayor, Carlos Mario Zuluaga-Dom\u00ednguez, Amanda Consuelo D\u00edaz-Moreno e Martha Cecilia Quicaz\u00e1n<\/p>\n<p>\u2018MEL DA JATA\u00cd: COMPOSI\u00c7\u00c3O NUTRICIONAL E PROPRIEDADES FISICOQU\u00cdMICA DE MEL DE <em>Trigona angustula<\/em> (em ingl\u00eas)<\/td>\n<td style=\"text-align: center; vertical-align: middle;\"><a href=\"https:\/\/www.interciencia.net\/wp-content\/uploads\/2018\/01\/142-c-FUENMAYOR-6.pdf\" target=\"_blank\" rel=\"noopener\"><strong>142<\/strong><\/a><\/td>\n<\/tr>\n<tr>\n<td>\n<p class=\"small\">Eduardo P. P\u00e9rez E. e Andrea Araya<\/p>\n<p>ESTIMA\u00c7\u00d5ES DE CRESCIMENTO DE <em>Haliotis rufescens<\/em> EM CATIVEIRO NO NORTE DO CHILE (em espanhol)<\/td>\n<td style=\"text-align: center; vertical-align: middle;\"><a href=\"https:\/\/www.interciencia.net\/wp-content\/uploads\/2018\/01\/148-c-PEREZ-6.pdf\" target=\"_blank\" rel=\"noopener\"><strong>148<\/strong><\/a><\/td>\n<\/tr>\n<tr>\n<td colspan=\"2\"><strong>\/Ensaios\/<\/strong><\/td>\n<\/tr>\n<tr>\n<td>\n<p class=\"small\">Alejandro Jos\u00e9 Leo Vargas, Salvador Adame Mart\u00ednez e Jos\u00e9 de Jes\u00fas Jim\u00e9nez Jim\u00e9nez<\/p>\n<p>MOBILIDADE, SUSTENTABILIDADE E COMBUST\u00cdVEIS DOS SISTEMAS DE TRANSPORTE R\u00c1PIDO DE \u00d4NIBUS ARTICULADO NO M\u00c9XICO (em espanhol)<\/td>\n<td style=\"text-align: center; vertical-align: middle;\"><a href=\"https:\/\/www.interciencia.net\/wp-content\/uploads\/2018\/01\/154-1\u00ba-e-LEO-7.pdf\" target=\"_blank\" rel=\"noopener\"><strong>154<\/strong><\/a><\/td>\n<\/tr>\n<\/tbody>\n<\/table>\n","protected":false},"excerpt":{"rendered":"<p>\/Editorial\/ Jon Paul Rodr\u00edguez e Franklin Rojas-Su\u00e1rez MAIOR PARTICIPA\u00c7\u00c3O DA COMUNIDADE CIENT\u00cdFICA EM BASES DE DADOS P\u00daBLICAS SOBRE BIODIVERSIDADE VENEZUELANA 87 \u00a0\/Artigos\/ Marcelo Tabarelli, Ant\u00f4nio Venceslau Aguiar, Milton Cezar Ribeiro e Jean Paul Metzger A CONVERS\u00c3O DA FLORESTA ATL\u00c2NTICA EM PAISAGENS ANTR\u00d3PICAS: LI\u00c7\u00d5ES PARA A CONSERVA\u00c7\u00c3O DA DIVERSIDADE BIOL\u00d3GICA DAS FLORESTAS TROPICAIS (em espanhol) 88 [&hellip;]<\/p>\n","protected":false},"author":1,"featured_media":0,"comment_status":"closed","ping_status":"open","sticky":false,"template":"","format":"standard","meta":[],"categories":[384],"tags":[],"_links":{"self":[{"href":"https:\/\/www.interciencia.net\/pt\/wp-json\/wp\/v2\/posts\/3685"}],"collection":[{"href":"https:\/\/www.interciencia.net\/pt\/wp-json\/wp\/v2\/posts"}],"about":[{"href":"https:\/\/www.interciencia.net\/pt\/wp-json\/wp\/v2\/types\/post"}],"author":[{"embeddable":true,"href":"https:\/\/www.interciencia.net\/pt\/wp-json\/wp\/v2\/users\/1"}],"replies":[{"embeddable":true,"href":"https:\/\/www.interciencia.net\/pt\/wp-json\/wp\/v2\/comments?post=3685"}],"version-history":[{"count":4,"href":"https:\/\/www.interciencia.net\/pt\/wp-json\/wp\/v2\/posts\/3685\/revisions"}],"predecessor-version":[{"id":3732,"href":"https:\/\/www.interciencia.net\/pt\/wp-json\/wp\/v2\/posts\/3685\/revisions\/3732"}],"wp:attachment":[{"href":"https:\/\/www.interciencia.net\/pt\/wp-json\/wp\/v2\/media?parent=3685"}],"wp:term":[{"taxonomy":"category","embeddable":true,"href":"https:\/\/www.interciencia.net\/pt\/wp-json\/wp\/v2\/categories?post=3685"},{"taxonomy":"post_tag","embeddable":true,"href":"https:\/\/www.interciencia.net\/pt\/wp-json\/wp\/v2\/tags?post=3685"}],"curies":[{"name":"wp","href":"https:\/\/api.w.org\/{rel}","templated":true}]}}