{"id":3673,"date":"2012-01-04T05:00:19","date_gmt":"2012-01-04T05:00:19","guid":{"rendered":"https:\/\/www.interciencia.net\/pt\/?p=3673"},"modified":"2018-01-04T05:18:31","modified_gmt":"2018-01-04T05:18:31","slug":"edicao-01-4","status":"publish","type":"post","link":"https:\/\/www.interciencia.net\/pt\/volume-37\/edicao-01-4\/","title":{"rendered":"Volume 37 Edi\u00e7\u00e3o 01"},"content":{"rendered":"<table width=\"100%\">\n<tbody>\n<tr>\n<td colspan=\"2\"><strong>\/Editorial\/<\/strong><\/td>\n<\/tr>\n<tr>\n<td>\n<p class=\"small\">Marisol Aguilera Meneses<\/p>\n<p>AsoVAC: PRESENTE E FUTURO<\/td>\n<td style=\"text-align: center; vertical-align: middle;\" width=\"20%\"><a href=\"https:\/\/www.interciencia.net\/pt\/files\/2018\/01\/07-editorial-pt-37-01.pdf\" target=\"_blank\" rel=\"noopener\"><strong>007<\/strong><\/a><\/td>\n<\/tr>\n<tr>\n<td colspan=\"2\">\u00a0<strong>\/Artigos\/<\/strong><\/td>\n<\/tr>\n<tr>\n<td>\n<p class=\"small\">Christian Luiz da Silva, Weimar Rocha Freire Jr e Luci In\u00eas Basseto<\/p>\n<p>MERCADO DE CARBONO E INSTITUI\u00c7\u00d5ES: OPORTUNIDADES NA BUSCA POR UM NOVO MODELO DE DESENVOLVIMENTO (em portugu\u00eas)<\/td>\n<td style=\"text-align: center; vertical-align: middle;\"><a href=\"https:\/\/www.interciencia.net\/wp-content\/uploads\/2018\/01\/008-DA-SILVA-6.pdf\" target=\"_blank\" rel=\"noopener\"><strong>008<\/strong><\/a><\/td>\n<\/tr>\n<tr>\n<td>\n<p class=\"small\">H\u00e9ctor Iv\u00e1n Restrepo O., Sergio Alonso Orrego S., Jorge Ignacio del Valle A. e Juan Carlos Salazar U.<\/p>\n<p>RENDIMENTO, TURNO \u00d3TIMO FLORESTAL E RENTABILIDADE DE PLANTA\u00c7\u00d5ES FLORESTAIS DE\u00a0<em>Tectona grandis<\/em> E <em>Pinus patula<\/em> NA COL\u00d4MBIA (em espanhol)<\/td>\n<td style=\"text-align: center; vertical-align: middle;\"><a href=\"https:\/\/www.interciencia.net\/wp-content\/uploads\/2018\/01\/014-RESTREPO-7.pdf\" target=\"_blank\" rel=\"noopener\"><strong>014<\/strong><\/a><\/td>\n<\/tr>\n<tr>\n<td>\n<p class=\"small\">Guillermo E. Gil e Jorge M. Lobo<\/p>\n<p>SITUA\u00c7\u00c3O DO CACHORRO-VINAGRE (<em>Speothos venaticus<\/em>) NO EXTREMO SUL DE DISTRIBUI\u00c7\u00c3O (ARGENTINA) (em espanhol)<\/td>\n<td style=\"text-align: center; vertical-align: middle;\"><a href=\"https:\/\/www.interciencia.net\/wp-content\/uploads\/2018\/01\/021-GIL-8.pdf\" target=\"_blank\" rel=\"noopener\"><strong>021<\/strong><\/a><\/td>\n<\/tr>\n<tr>\n<td>\n<p class=\"small\">Giovana Escriv\u00e3o e Marcelo Seido Nagano<\/p>\n<p>GEST\u00c3O DO CONHECIMENTO NA EDUCA\u00c7\u00c3O AMBIENTAL: ESTUDO DE CASO NO PROGRAMA DE EDUCA\u00c7\u00c3O AMBIENTAL DA UNIVERSIDADE DE S\u00c3O PAULO, BRASIL (em portugu\u00eas)<\/td>\n<td style=\"text-align: center; vertical-align: middle;\"><a href=\"https:\/\/www.interciencia.net\/wp-content\/uploads\/2018\/01\/029-ESCRIVAO-7.pdf\" target=\"_blank\" rel=\"noopener\"><strong>029<\/strong><\/a><\/td>\n<\/tr>\n<tr>\n<td colspan=\"2\"><strong>\/Comunica\u00e7\u00f5es\/<\/strong><\/td>\n<\/tr>\n<tr>\n<td>\n<p class=\"small\">Fernando Zamudio e Norma I. Hilgert<\/p>\n<p>COMO OS CONHECIMENTOS LOCAIS APORTAM INFORMA\u00c7\u00c3O SOBRE A RIQUEZA DE ESP\u00c9CIES DE ABELHAS SEM FERR\u00c3O (APIDAE: MELIPONINI) DO NORTE DE MISS\u00d5ES, ARGENTINA? (em espanhol)<\/td>\n<td style=\"text-align: center; vertical-align: middle;\"><a href=\"https:\/\/www.interciencia.net\/wp-content\/uploads\/2018\/01\/036-c-ZAMUDIO-8.pdf\" target=\"_blank\" rel=\"noopener\"><strong>036<\/strong><\/a><\/td>\n<\/tr>\n<tr>\n<td>\n<p class=\"small\">Rossana Agoglitta, Claudia E. Moreno, Michele Rossini, Mattia Tonelli e Mario Zunino<\/p>\n<p>VARIA\u00c7\u00c3O TEMPORAL NA DIVERSIDADE E COMPOSI\u00c7\u00c3O DE UMA COMUNIDADE COPR\u00d3FILA DO EUROMEDITERR\u00c2NEO (COLEOPTERA: SCARABAEOIDEA) (em espanhol)<\/td>\n<td style=\"text-align: center; vertical-align: middle;\"><a href=\"https:\/\/www.interciencia.net\/wp-content\/uploads\/2018\/01\/044-c-AGOGLITTA-5.pdf\" target=\"_blank\" rel=\"noopener\"><strong>044<\/strong><\/a><\/td>\n<\/tr>\n<tr>\n<td>\n<p class=\"small\">Genivaldo David de Souza-Schlick, Rog\u00e9rio Peres Soratto, Douglas Bottino e Adalton Mazetti Fernandes<\/p>\n<p>CRESCIMENTO E PRODUTIVIDADE DA MAMONA DE PORTE BAIXO EM DIFERENTES ESPA\u00c7AMENTOS E POPULA\u00c7\u00d5ES DE PLANTAS (em portugu\u00eas)<\/td>\n<td style=\"text-align: center; vertical-align: middle;\"><a href=\"https:\/\/www.interciencia.net\/wp-content\/uploads\/2018\/01\/049-c-SORATTO-6.pdf\" target=\"_blank\" rel=\"noopener\"><strong>049<\/strong><\/a><\/td>\n<\/tr>\n<tr>\n<td>\n<p class=\"small\">Tiago Zanatta Aumonde, Patricia Marini, Dario Munt de Moraes, Manoel de Souza Maia, Tiago Ped\u00f3, Maria Angela Andr\u00e9 Tillmann e Francisco Amaral Villela<\/p>\n<p>CLASSIFICA\u00c7\u00c3O DO VIGOR DE SEMENTES DE FEIJ\u00c3O-MI\u00daDO PELA ATIVIDADE RESPIRAT\u00d3RIA (em portugu\u00eas)<\/td>\n<td style=\"text-align: center; vertical-align: middle;\"><a href=\"https:\/\/www.interciencia.net\/wp-content\/uploads\/2018\/01\/055-c-AUMONDE-4.pdf\" target=\"_blank\" rel=\"noopener\"><strong>055<\/strong><\/a><\/td>\n<\/tr>\n<tr>\n<td>\n<p class=\"small\">Issarly Rivas, Aly J. Castellanos-Su\u00e1rez, M\u00e1ximo Garc\u00eda-Sucre e German Urbina-Villalba<\/p>\n<p>ENTROPIA INTERFACIAL DO \u00c1LCOOL TERBUT\u00cdLICO (em ingl\u00eas)<\/td>\n<td style=\"text-align: center; vertical-align: middle;\"><a href=\"https:\/\/www.interciencia.net\/wp-content\/uploads\/2018\/01\/059-c-URBINA-6.pdf\" target=\"_blank\" rel=\"noopener\"><strong>059<\/strong><\/a><\/td>\n<\/tr>\n<tr>\n<td>\n<p class=\"small\">Micheli Satomi Yamauti, Pedro Luis Da Costa Aguiar Alves e Silvano Bianco<\/p>\n<p>EFEITOS DA NUTRI\u00c7\u00c3O MINERAL NA COMPETI\u00c7\u00c3O INTER- E INTRAESPEC\u00cdFICA DE AMENDOIM (<em>Arachis hypogaea<\/em> L.) E PIC\u00c3O PRETO (<em>Bidens pilosa<\/em> L.) (em ingl\u00eas)<\/td>\n<td style=\"text-align: center; vertical-align: middle;\"><a href=\"https:\/\/www.interciencia.net\/wp-content\/uploads\/2018\/01\/065-c-YAMAUTI-5.pdf\" target=\"_blank\" rel=\"noopener\"><strong>065<\/strong><\/a><\/td>\n<\/tr>\n<tr>\n<td colspan=\"2\"><strong>\/Ensaios\/<\/strong><\/td>\n<\/tr>\n<tr>\n<td>\n<p class=\"small\">Ana Spivak L\u2019Hoste<\/p>\n<p>FUNDADORES, PIONEIROS E TRADI\u00c7\u00c3O: USOS DO PASSADO NA COMEMORA\u00c7\u00c3O DE UMA INSTITUI\u00c7\u00c3O CIENT\u00cdFICA\u00a0ARGENTINA (em espanhol)<\/td>\n<td style=\"text-align: center; vertical-align: middle;\"><a href=\"https:\/\/www.interciencia.net\/wp-content\/uploads\/2018\/01\/070-1\u00ba-e-SPIVAK-5.pdf\" target=\"_blank\" rel=\"noopener\"><strong>070<\/strong><\/a><\/td>\n<\/tr>\n<tr>\n<td>\n<p class=\"small\">Juana R. Figueroa<\/p>\n<p>O SER HUMANO: SUJEITO MORAL DA \u00c9TICA ECOL\u00d3GICA (em espanhol)<\/td>\n<td style=\"text-align: center; vertical-align: middle;\"><a href=\"https:\/\/www.interciencia.net\/wp-content\/uploads\/2018\/01\/075-e-FIGUEROA-6.pdf\" target=\"_blank\" rel=\"noopener\"><strong>075<\/strong><\/a><\/td>\n<\/tr>\n<\/tbody>\n<\/table>\n","protected":false},"excerpt":{"rendered":"<p>\/Editorial\/ Marisol Aguilera Meneses AsoVAC: PRESENTE E FUTURO 007 \u00a0\/Artigos\/ Christian Luiz da Silva, Weimar Rocha Freire Jr e Luci In\u00eas Basseto MERCADO DE CARBONO E INSTITUI\u00c7\u00d5ES: OPORTUNIDADES NA BUSCA POR UM NOVO MODELO DE DESENVOLVIMENTO (em portugu\u00eas) 008 H\u00e9ctor Iv\u00e1n Restrepo O., Sergio Alonso Orrego S., Jorge Ignacio del Valle A. e Juan Carlos [&hellip;]<\/p>\n","protected":false},"author":1,"featured_media":0,"comment_status":"closed","ping_status":"open","sticky":false,"template":"","format":"standard","meta":[],"categories":[384],"tags":[],"_links":{"self":[{"href":"https:\/\/www.interciencia.net\/pt\/wp-json\/wp\/v2\/posts\/3673"}],"collection":[{"href":"https:\/\/www.interciencia.net\/pt\/wp-json\/wp\/v2\/posts"}],"about":[{"href":"https:\/\/www.interciencia.net\/pt\/wp-json\/wp\/v2\/types\/post"}],"author":[{"embeddable":true,"href":"https:\/\/www.interciencia.net\/pt\/wp-json\/wp\/v2\/users\/1"}],"replies":[{"embeddable":true,"href":"https:\/\/www.interciencia.net\/pt\/wp-json\/wp\/v2\/comments?post=3673"}],"version-history":[{"count":4,"href":"https:\/\/www.interciencia.net\/pt\/wp-json\/wp\/v2\/posts\/3673\/revisions"}],"predecessor-version":[{"id":3682,"href":"https:\/\/www.interciencia.net\/pt\/wp-json\/wp\/v2\/posts\/3673\/revisions\/3682"}],"wp:attachment":[{"href":"https:\/\/www.interciencia.net\/pt\/wp-json\/wp\/v2\/media?parent=3673"}],"wp:term":[{"taxonomy":"category","embeddable":true,"href":"https:\/\/www.interciencia.net\/pt\/wp-json\/wp\/v2\/categories?post=3673"},{"taxonomy":"post_tag","embeddable":true,"href":"https:\/\/www.interciencia.net\/pt\/wp-json\/wp\/v2\/tags?post=3673"}],"curies":[{"name":"wp","href":"https:\/\/api.w.org\/{rel}","templated":true}]}}