{"id":3631,"date":"2013-09-10T18:17:36","date_gmt":"2013-09-10T18:17:36","guid":{"rendered":"https:\/\/www.interciencia.net\/pt\/?p=3631"},"modified":"2017-12-22T11:25:41","modified_gmt":"2017-12-22T11:25:41","slug":"edicao-09-2","status":"publish","type":"post","link":"https:\/\/www.interciencia.net\/pt\/volume-38\/edicao-09-2\/","title":{"rendered":"Volume 38 Edi\u00e7\u00e3o 09"},"content":{"rendered":"<table width=\"100%\">\n<tbody>\n<tr>\n<td colspan=\"2\"><strong>\/Editorial\/<\/strong><\/td>\n<\/tr>\n<tr>\n<td>\n<p class=\"small\">Miguel Laufer<\/p>\n<p>EDUCA\u00c7\u00c3O, CI\u00caNCIA E TECNOLOGIA<\/td>\n<td style=\"text-align: center; vertical-align: middle;\" width=\"20%\"><a href=\"https:\/\/www.interciencia.net\/pt\/files\/2017\/12\/627-editorial-pt-38-09.pdf\" target=\"_blank\" rel=\"noopener\"><strong>627<\/strong><\/a><\/td>\n<\/tr>\n<tr>\n<td colspan=\"2\">\u00a0<strong>\/Artigos\/<\/strong><\/td>\n<\/tr>\n<tr>\n<td>\n<p class=\"small\">Patricio Ram\u00edrez-Correa, F. Javier Rondan-Catalu\u00f1a e Jorge Arenas-Gait\u00e1n<\/p>\n<p>EXPLORA\u00c7\u00c3O DOS FACTORES QUE AFETAM \u00c0 ADO\u00c7\u00c3O DOS SERVI\u00c7OS DE REDES SOCIAIS PELA GERA\u00c7\u00c3O Y NO CHILE (em ingl\u00eas)<\/td>\n<td style=\"text-align: center; vertical-align: middle;\"><a href=\"https:\/\/www.interciencia.net\/wp-content\/uploads\/2017\/12\/628-RAMIREZ-6.pdf\" target=\"_blank\" rel=\"noopener\"><strong>628<\/strong><\/a><\/td>\n<\/tr>\n<tr>\n<td>\n<p class=\"small\">Lisandra Pamela Zamboni, Fernando R. Tentor, Walter F. Sione, Leonardo Hardtke, H\u00e9ctor F. Del Valle, Ignacio Quignard e Pablo G. Ace\u00f1olaza<\/p>\n<p>PADR\u00d5ES ESPA\u00c7O-TEMPORAIS DE INC\u00caNDIOS NO COMPLEXO LITORAL DO RIO PARAN\u00c1 (em espanhol)<\/td>\n<td style=\"text-align: center; vertical-align: middle;\"><a href=\"https:\/\/www.interciencia.net\/wp-content\/uploads\/2017\/12\/634-ZAMBONI-8.pdf\" target=\"_blank\" rel=\"noopener\"><strong>634<\/strong><\/a><\/td>\n<\/tr>\n<tr>\n<td>\n<p class=\"small\">Rosiris Guzm\u00e1n, Maximiliano Bezada e Inmaculada Rodr\u00edguez<\/p>\n<p>MUDAN\u00c7AS DE CANAL DURANTE OS \u00daLTIMOS 60 ANOS NO SISTEMA ANASTOMOSADO DO CURSO M\u00c9DIO DO RIO APURE, VENEZUELA (em espanhol)<\/td>\n<td style=\"text-align: center; vertical-align: middle;\"><a href=\"https:\/\/www.interciencia.net\/wp-content\/uploads\/2017\/12\/642-GUZMAN-8.pdf\" target=\"_blank\" rel=\"noopener\"><strong>642<\/strong><\/a><\/td>\n<\/tr>\n<tr>\n<td>\n<p class=\"small\">Tha\u00eds C.S. Azevedo, Fernando A.L. Aiube, Carlos P. Samanez e Claudio R.S. Bisso<\/p>\n<p>AVALIA\u00c7\u00c3O DA VOLATILIDADE DOS CONTRATOS FUTUROS DO PETR\u00d3LEO E DERIVADOS ANTES E AP\u00d3S A CRISE DE 2008 (em portugu\u00eas)<\/td>\n<td style=\"text-align: center; vertical-align: middle;\"><a href=\"https:\/\/www.interciencia.net\/wp-content\/uploads\/2017\/12\/650-SAMANEZ-7.pdf\" target=\"_blank\" rel=\"noopener\"><b>650<\/b><\/a><\/td>\n<\/tr>\n<tr>\n<td colspan=\"2\"><strong>\/Comunica\u00e7\u00f5es\/<\/strong><\/td>\n<\/tr>\n<tr>\n<td>\n<p class=\"small\">Rosalva Rodr\u00edguez, Ricardo Soto, Andrea Lacruz, Yoyna Rivas, Yris Flores, Marinela Falcone, Lorenzo \u00c1lamo e Ra\u00fal Padr\u00f3n<\/p>\n<p>RELAT\u00d3RIO DE UMA NOVA MUTA\u00c7\u00c3O (Val748Leu) ASSOCIADA COM MIOCARDIOPATIA HIPERTR\u00d3FICA SITUADA NO DOM\u00cdNIO C5 DA PROTE\u00cdNA-C DE UNI\u00c3O \u00c0 MIOSINA CARD\u00cdACA (cMyBP-C) (em espanhol)<\/td>\n<td style=\"text-align: center; vertical-align: middle;\"><a href=\"https:\/\/www.interciencia.net\/wp-content\/uploads\/2017\/12\/657-c-1\u00ba-RODRIGUEZ-7.pdf\" target=\"_blank\" rel=\"noopener\"><strong>657<\/strong><\/a><\/td>\n<\/tr>\n<tr>\n<td>\n<p class=\"small\">Jimena Alarc\u00f3n Castro e Carmelo Di Bartolo<\/p>\n<p>METODOLOG\u00cdA BI\u00d3NICA E ENGENHARIA AFECTIVA APLICADAS AO DESENHO DE TEXTURAS PARA TABULEIROS EM BASE A\u00a0<em>Pinus radiata<\/em> (em espanhol)<\/td>\n<td style=\"text-align: center; vertical-align: middle;\"><a href=\"https:\/\/www.interciencia.net\/wp-content\/uploads\/2017\/12\/664-c-ALARCON-5.pdf\" target=\"_blank\" rel=\"noopener\"><strong>664<\/strong><\/a><\/td>\n<\/tr>\n<tr>\n<td>\n<p class=\"small\">Wilmer Tezara, Ilsa Coronel, Gabriel Dzib e Luz Mar\u00eda Calvo-Irabien<\/p>\n<p>RELA\u00c7\u00c3O ENTRE A CAPACIDADE FOTOSINT\u00c9TICA E O CONTE\u00daDO DE AZEITES ESSENCIAIS DE <em>Lippia graveolens<\/em> (VERBENACEAE) EM DUAS LOCALIDADES COM DIFEREN\u00c7AS EM PRECIPITA\u00c7\u00c3O ANUAL (em espanhol)<\/td>\n<td style=\"text-align: center; vertical-align: middle;\"><a href=\"https:\/\/www.interciencia.net\/wp-content\/uploads\/2017\/12\/669-TEZARA-38-9.pdf\" target=\"_blank\" rel=\"noopener\"><strong>669<\/strong><\/a><\/td>\n<\/tr>\n<tr>\n<td>\n<p class=\"small\">Patr\u00edcia Braga Lovatto, Gustavo Schiedeck e Carlos Rog\u00e9rio Mauch<\/p>\n<p>EXTRATOS AQUOSOS DE <em>Tagetes minuta<\/em> (ASTERACEAE) COMO ALTERNATIVA AO MANEJO AGRO-ECOL\u00d3GICO DE AF\u00cdDEOS EM HORTALI\u00c7AS (em portugu\u00eas)<\/td>\n<td style=\"text-align: center; vertical-align: middle;\"><a href=\"https:\/\/www.interciencia.net\/wp-content\/uploads\/2017\/12\/676-c-LOVATO-5.pdf\" target=\"_blank\" rel=\"noopener\"><b>676<\/b><\/a><\/td>\n<\/tr>\n<tr>\n<td>\n<p class=\"small\">Douglas Ramos Guelfi, Valdemar Faquin, Marcos Andr\u00e9 Silva Souza, Geraldo C\u00e9sar de Oliveira, Sal\u00e9m Gusm\u00e3o Santoucy e Carla Elisa Alves Bastos<\/p>\n<p>CARACTER\u00cdSTICAS ESTRUTURAIS E PRODUTIVAS DO CAPIM-MARANDU SOB EFEITOS DE CORRETIVOS DA ACIDEZ, GESSO E COMPACTA\u00c7\u00c3O DO SOLO (em portugu\u00eas)<\/td>\n<td style=\"text-align: center; vertical-align: middle;\"><a href=\"https:\/\/www.interciencia.net\/wp-content\/uploads\/2017\/12\/681-c-GUELFI-7.pdf\" target=\"_blank\" rel=\"noopener\"><strong>681<\/strong><\/a><\/td>\n<\/tr>\n<\/tbody>\n<\/table>\n","protected":false},"excerpt":{"rendered":"<p>\/Editorial\/ Miguel Laufer EDUCA\u00c7\u00c3O, CI\u00caNCIA E TECNOLOGIA 627 \u00a0\/Artigos\/ Patricio Ram\u00edrez-Correa, F. Javier Rondan-Catalu\u00f1a e Jorge Arenas-Gait\u00e1n EXPLORA\u00c7\u00c3O DOS FACTORES QUE AFETAM \u00c0 ADO\u00c7\u00c3O DOS SERVI\u00c7OS DE REDES SOCIAIS PELA GERA\u00c7\u00c3O Y NO CHILE (em ingl\u00eas) 628 Lisandra Pamela Zamboni, Fernando R. Tentor, Walter F. Sione, Leonardo Hardtke, H\u00e9ctor F. Del Valle, Ignacio Quignard e [&hellip;]<\/p>\n","protected":false},"author":1,"featured_media":0,"comment_status":"closed","ping_status":"open","sticky":false,"template":"","format":"standard","meta":[],"categories":[372],"tags":[],"_links":{"self":[{"href":"https:\/\/www.interciencia.net\/pt\/wp-json\/wp\/v2\/posts\/3631"}],"collection":[{"href":"https:\/\/www.interciencia.net\/pt\/wp-json\/wp\/v2\/posts"}],"about":[{"href":"https:\/\/www.interciencia.net\/pt\/wp-json\/wp\/v2\/types\/post"}],"author":[{"embeddable":true,"href":"https:\/\/www.interciencia.net\/pt\/wp-json\/wp\/v2\/users\/1"}],"replies":[{"embeddable":true,"href":"https:\/\/www.interciencia.net\/pt\/wp-json\/wp\/v2\/comments?post=3631"}],"version-history":[{"count":4,"href":"https:\/\/www.interciencia.net\/pt\/wp-json\/wp\/v2\/posts\/3631\/revisions"}],"predecessor-version":[{"id":3671,"href":"https:\/\/www.interciencia.net\/pt\/wp-json\/wp\/v2\/posts\/3631\/revisions\/3671"}],"wp:attachment":[{"href":"https:\/\/www.interciencia.net\/pt\/wp-json\/wp\/v2\/media?parent=3631"}],"wp:term":[{"taxonomy":"category","embeddable":true,"href":"https:\/\/www.interciencia.net\/pt\/wp-json\/wp\/v2\/categories?post=3631"},{"taxonomy":"post_tag","embeddable":true,"href":"https:\/\/www.interciencia.net\/pt\/wp-json\/wp\/v2\/tags?post=3631"}],"curies":[{"name":"wp","href":"https:\/\/api.w.org\/{rel}","templated":true}]}}