{"id":3521,"date":"2017-11-15T16:45:40","date_gmt":"2017-11-15T16:45:40","guid":{"rendered":"https:\/\/www.interciencia.net\/pt\/?p=3521"},"modified":"2018-07-14T14:21:16","modified_gmt":"2018-07-14T14:21:16","slug":"volume-42-edicao-11","status":"publish","type":"post","link":"https:\/\/www.interciencia.net\/pt\/volume-42\/volume-42-edicao-11\/","title":{"rendered":"Volume 42 Edi\u00e7\u00e3o 11"},"content":{"rendered":"<table width=\"100%\">\n<tbody>\n<tr>\n<td colspan=\"2\"><strong>\/Editorial\/<\/strong><\/td>\n<\/tr>\n<tr>\n<td>\n<p class=\"small\">Liliana Pedraja-Rejas e Jaime Riquelme-Casta\u00f1eda<\/p>\n<p>O ESTUDO DOS ESTILOS DE LIDERAN\u00c7A NA \u00c1REA DA EDUCA\u00c7\u00c3O<\/td>\n<td style=\"text-align: center; vertical-align: middle;\" width=\"20%\"><a href=\"https:\/\/www.interciencia.net\/pt\/files\/2017\/11\/711-editorial-42-11-pt.pdf\" target=\"_blank\" rel=\"noopener\">711<\/a><\/td>\n<\/tr>\n<tr>\n<td colspan=\"2\">\u00a0<strong>\/Artigos\/<\/strong><\/td>\n<\/tr>\n<tr>\n<td>\n<p class=\"small\">Luis Ramiro Chac\u00f3n Gurrola, Am\u00e9rica Ch\u00e1vez-Mart\u00ednez, Ana Luisa Renter\u00eda-Monterrubio e Jos\u00e9 Carlos Rodr\u00edguez-Figueroa<\/p>\n<p>PROTE\u00cdNAS DE SORO DO LEITE: USOS, RELA\u00c7\u00c3O COM A SA\u00daDE E BIOATIVIDADES (em espanhol)<\/td>\n<td style=\"text-align: center; vertical-align: middle;\"><a href=\"https:\/\/www.interciencia.net\/wp-content\/uploads\/2017\/11\/712-CHAVEZ-42-11.pdf\" target=\"_blank\" rel=\"noopener\">712<\/a><\/td>\n<\/tr>\n<tr>\n<td>\n<p class=\"small\">Carlos Villarroel Gonz\u00e1lez, Fernando Cabrales G\u00f3mez, Antonella Fern\u00e1ndez O. e Iv\u00e1n Godoy Flores<\/p>\n<p>INDICADORES DE INOVA\u00c7\u00c3O E EMPREENDIMENTO APLICADOS A H\u00c9LICE TR\u00cdPLICE NA REGI\u00c3O DE ARICA E PARINACOTA, CHILE (em espanhol)<\/td>\n<td style=\"text-align: center; vertical-align: middle;\"><a href=\"https:\/\/www.interciencia.net\/wp-content\/uploads\/2017\/11\/719-VILLARROEL-42-11.pdf\" target=\"_blank\" rel=\"noopener\">719<\/a><\/td>\n<\/tr>\n<tr>\n<td colspan=\"2\"><strong>\/Comunica\u00e7\u00f5es\/<\/strong><\/td>\n<\/tr>\n<tr>\n<td>\n<p class=\"small\">Silvana Cristina Silva da Ponte, \u00c1dria Juliana Sousa da Silva e Diego Maia Zacardi<\/p>\n<p>\u00c1REAS DE DISPERS\u00c3O E BER\u00c7\u00c1RIO PARA LARVAS DE CURIMATIDAE (PISCES, CHARACIFORMES), NO TRECHO BAIXO DO RIO AMAZONAS, BRASIL (em portugu\u00eas)<\/td>\n<td style=\"text-align: center; vertical-align: middle;\"><a href=\"https:\/\/www.interciencia.net\/wp-content\/uploads\/2017\/11\/727-DA-PONTE-42-11.pdf\" target=\"_blank\" rel=\"noopener\">727<\/a><\/td>\n<\/tr>\n<tr>\n<td>\n<p class=\"small\">Mario Caicedo, Reina Camacho, Fernando Febres Cordero, Francisco Garc\u00eda, H\u00e9ctor Hern\u00e1ndez, Jos\u00e9 Antonio L\u00f3pez Rodr\u00edguez, Joany Manjarr\u00e9s, Homero Mart\u00ednez, Claudio Mendoza, B\u00e1rbara Mill\u00e1n, Jacobo Monta\u00f1o, Luis Alberto N\u00fa\u00f1ez, Jos\u00e9 Ocariz, Daniela Paredes, Luis Alejandro P\u00e9rez, Camila Rangel Smith, Arturo S\u00e1nchez e Heberth Torres<\/p>\n<p>COMUNIDADES VIRTUALES DE INVESTIGA\u00c7\u00c3O E APRENDIZAGEM NA AM\u00c9RICA LATINA: O CASO CEVALE2VE (em ingl\u00eas)<\/td>\n<td style=\"text-align: center; vertical-align: middle;\">\u00a0<a href=\"https:\/\/www.interciencia.net\/wp-content\/uploads\/2017\/11\/733-MENDOZA-42-11.pdf\" target=\"_blank\" rel=\"noopener\">733<\/a><\/td>\n<\/tr>\n<tr>\n<td>\n<p class=\"small\">Luis Antonio Rodr\u00edguez-G\u00e1mez, F\u00e1tima Lizeth Gandarilla-Pacheco, Mar\u00eda Guadalupe Maldonado-Blanco, Isela Quintero-Zapata, Lilia Hortencia Morales Ramos, Jairo Hern\u00e1n Alfaro Alvarez y Myriam El\u00edas-Santos<\/p>\n<p>AVALIA\u00c7\u00c3O DE SUBSTRATOS NATURAIS PARA A PRODU\u00c7\u00c3O DE CON\u00cdDIOS DE <em>Beauveria bassiana<\/em> (BALS.) VUILL. (HYPOCREALES: CORDYCIPITACEAE) EM CULTIVO BIF\u00c1SICO (em espanhol)<\/td>\n<td style=\"text-align: center; vertical-align: middle;\">\u00a0<a href=\"https:\/\/www.interciencia.net\/wp-content\/uploads\/2017\/11\/739-ELIAS-SANTOS-42-11.pdf\" target=\"_blank\" rel=\"noopener\">739<\/a><\/td>\n<\/tr>\n<tr>\n<td>\n<p class=\"small\">Alondra Gisela Campos-Villarreal, Jes\u00fas G. Arreola-\u00c1vila, Jorge Armando Ch\u00e1vez-Simental, Ricardo Trejo Calzada, Amparo Borja de la Rosa, Armando L\u00f3pez Santos e Jos\u00e9 Ram\u00f3n Hern\u00e1ndez Salgado<\/p>\n<p>RESPOSTA FISIOL\u00d3GICA, ACUMULA\u00c7\u00c3O I\u00d4NICA E PESO SECO EM PORTA ENXERTOS DE NOGUEIRA PEC\u00c3 (<em>Carya illinoinensis<\/em> (WANGENH) K. KOCH) DESENVOLVIDOS SOB CONDI\u00c7\u00d5ES DE ESTRESSE SALINO (em espanhol)<\/td>\n<td style=\"text-align: center; vertical-align: middle;\">\u00a0<a href=\"https:\/\/www.interciencia.net\/wp-content\/uploads\/2017\/11\/744-ARREOLA-42-11.pdf\" target=\"_blank\" rel=\"noopener\">744<\/a><\/td>\n<\/tr>\n<tr>\n<td>\n<p class=\"small\">Pablo Valladares Fa\u00fandez, Tania Lasteros Oblitas, Lorena Cornejo Ponce e Renzo Pepe-Victoriano<\/p>\n<p>AVALIA\u00c7\u00c3O DA CONTAMINA\u00c7\u00c3O NO HABITAT DE UMA POPULA\u00c7\u00c3O DE R\u00c3 AQU\u00c1TICA <em>Telmatobius pefauri<\/em> (ANURA, TELMATOBIIDAE), ESP\u00c9CIE CRITICAMENTE EM PERIGO DO NORTE DE CHILE (em espanhol)<\/td>\n<td style=\"text-align: center; vertical-align: middle;\">\u00a0<a href=\"https:\/\/www.interciencia.net\/wp-content\/uploads\/2017\/11\/750-VALLADARES-42-11.pdf\" target=\"_blank\" rel=\"noopener\">750<\/a><\/td>\n<\/tr>\n<tr>\n<td>\n<p class=\"small\">Juan Carlos Briede-Westermeyer e Cristhian P\u00e9rez-Villalobos<\/p>\n<p>O DESENHO INDUSTRIAL NA IND\u00daSTRIA MANUFATUREIRA DA REGI\u00c3O DO BIOBIO, CHILE (em espanhol)<\/td>\n<td style=\"text-align: center; vertical-align: middle;\">\u00a0<a href=\"https:\/\/www.interciencia.net\/wp-content\/uploads\/2017\/11\/756-BREIDE-42-11.pdf\" target=\"_blank\" rel=\"noopener\">756<\/a><\/td>\n<\/tr>\n<tr>\n<td>\n<p class=\"small\">German Sep\u00falveda Chavera e Juan Leyton Carvajal<\/p>\n<p>OLIVAS E CULTURAS PROTEGIDAS: AN\u00c1LISE ESPACIAL DA OCUPA\u00c7\u00c3O DO VALLE DE AZAPA, CHILE (2003-2013) (em ingl\u00eas)<\/td>\n<td style=\"text-align: center; vertical-align: middle;\"><a href=\"https:\/\/www.interciencia.net\/wp-content\/uploads\/2018\/03\/761-6081-SEPULVEDA-42_11.pdf\" target=\"_blank\" rel=\"noopener\">761<\/a><\/td>\n<\/tr>\n<tr>\n<td>\n<p class=\"small\">Andreza Portella Ribeiro, Ang\u00e9lica Baganha Ferreira, Simone Aquino, Heidy Rodriguez Ramos, Cl\u00e1udia Terezinha Kniess, Cristiano Capellani Quaresma, Jos\u00e9 Osman dos Santos, Mitiko Saiki e Paulo Hil\u00e1rio Nascimento Saldiva<\/p>\n<p>DIAGN\u00d3STICO DA POLUI\u00c7\u00c3O ATMOSF\u00c9RICA EM REGI\u00d5ES SEM REDES CONVENCIONAIS DE MONITORAMENTO DA QUALIDADE DO AR: ESTUDO EM UMA PEQUENA CIDADE DO PARAN\u00c1, BRASIL (em portugu\u00eas)<\/td>\n<td style=\"text-align: center; vertical-align: middle;\"><a href=\"https:\/\/www.interciencia.net\/wp-content\/uploads\/2017\/11\/767-AQUINO-42-11.pdf\" target=\"_blank\" rel=\"noopener\">767<\/a><\/td>\n<\/tr>\n<tr>\n<td>\n<p class=\"small\">Adriana Hern\u00e1ndez-Rodr\u00edguez, Loreto Robles-Hern\u00e1ndez, D\u00e1maris Ojeda-Barrios, Jes\u00fas Prieto-Lu\u00e9vano, Ana Cecilia Gonz\u00e1lezFranco e V\u00edctor Guerrero-Prieto<\/p>\n<p>SEMICOMPOSTAGEM E VERMICOMPOSTAGEM MESCLADA COM TURFA DE MUSGO INCREMENTA A GERMINA\u00c7\u00c3O DE SEMENTE E DESENVOLVIMENTO DE PL\u00c2NTULAS DE TOMATE E ALFACE (em ingl\u00eas)<\/td>\n<td style=\"text-align: center; vertical-align: middle;\">\u00a0<a href=\"https:\/\/www.interciencia.net\/wp-content\/uploads\/2017\/11\/774-ROBLES-42-11.pdf\" target=\"_blank\" rel=\"noopener\">774<\/a><\/td>\n<\/tr>\n<\/tbody>\n<\/table>\n","protected":false},"excerpt":{"rendered":"<p>\/Editorial\/ Liliana Pedraja-Rejas e Jaime Riquelme-Casta\u00f1eda O ESTUDO DOS ESTILOS DE LIDERAN\u00c7A NA \u00c1REA DA EDUCA\u00c7\u00c3O 711 \u00a0\/Artigos\/ Luis Ramiro Chac\u00f3n Gurrola, Am\u00e9rica Ch\u00e1vez-Mart\u00ednez, Ana Luisa Renter\u00eda-Monterrubio e Jos\u00e9 Carlos Rodr\u00edguez-Figueroa PROTE\u00cdNAS DE SORO DO LEITE: USOS, RELA\u00c7\u00c3O COM A SA\u00daDE E BIOATIVIDADES (em espanhol) 712 Carlos Villarroel Gonz\u00e1lez, Fernando Cabrales G\u00f3mez, Antonella Fern\u00e1ndez O. [&hellip;]<\/p>\n","protected":false},"author":1,"featured_media":3522,"comment_status":"closed","ping_status":"open","sticky":false,"template":"","format":"standard","meta":[],"categories":[44],"tags":[],"_links":{"self":[{"href":"https:\/\/www.interciencia.net\/pt\/wp-json\/wp\/v2\/posts\/3521"}],"collection":[{"href":"https:\/\/www.interciencia.net\/pt\/wp-json\/wp\/v2\/posts"}],"about":[{"href":"https:\/\/www.interciencia.net\/pt\/wp-json\/wp\/v2\/types\/post"}],"author":[{"embeddable":true,"href":"https:\/\/www.interciencia.net\/pt\/wp-json\/wp\/v2\/users\/1"}],"replies":[{"embeddable":true,"href":"https:\/\/www.interciencia.net\/pt\/wp-json\/wp\/v2\/comments?post=3521"}],"version-history":[{"count":5,"href":"https:\/\/www.interciencia.net\/pt\/wp-json\/wp\/v2\/posts\/3521\/revisions"}],"predecessor-version":[{"id":3542,"href":"https:\/\/www.interciencia.net\/pt\/wp-json\/wp\/v2\/posts\/3521\/revisions\/3542"}],"wp:featuredmedia":[{"embeddable":true,"href":"https:\/\/www.interciencia.net\/pt\/wp-json\/wp\/v2\/media\/3522"}],"wp:attachment":[{"href":"https:\/\/www.interciencia.net\/pt\/wp-json\/wp\/v2\/media?parent=3521"}],"wp:term":[{"taxonomy":"category","embeddable":true,"href":"https:\/\/www.interciencia.net\/pt\/wp-json\/wp\/v2\/categories?post=3521"},{"taxonomy":"post_tag","embeddable":true,"href":"https:\/\/www.interciencia.net\/pt\/wp-json\/wp\/v2\/tags?post=3521"}],"curies":[{"name":"wp","href":"https:\/\/api.w.org\/{rel}","templated":true}]}}