{"id":3500,"date":"2014-01-10T04:32:20","date_gmt":"2014-01-10T04:32:20","guid":{"rendered":"https:\/\/www.interciencia.net\/pt\/?p=3500"},"modified":"2017-11-05T04:32:47","modified_gmt":"2017-11-05T04:32:47","slug":"edicao-01","status":"publish","type":"post","link":"https:\/\/www.interciencia.net\/pt\/volume-39\/edicao-01\/","title":{"rendered":"Volume 39 Edi\u00e7\u00e3o 01"},"content":{"rendered":"<table width=\"100%\">\n<tbody>\n<tr>\n<td colspan=\"2\"><strong>\/Editorial<\/strong><\/td>\n<\/tr>\n<tr>\n<td>\n<p class=\"small\">Miguel Laufer<\/p>\n<p>AS GRANDES DECIS\u00d5ES<\/td>\n<td style=\"text-align: center; vertical-align: middle;\" width=\"20%\"><a href=\"https:\/\/www.interciencia.net\/pt\/files\/2017\/11\/007-editorial-pt-39-01.pdf\" target=\"_blank\" rel=\"noopener\"><b>7<\/b><\/a><\/td>\n<\/tr>\n<tr>\n<td colspan=\"2\">\u00a0<strong>\/Artigos\/<\/strong><\/td>\n<\/tr>\n<tr>\n<td>\n<p class=\"small\">M\u00f3nica Anzaldo, Michelle Chauvet e Luis A. Maldonado<\/p>\n<p>FUNDOS P\u00daBLICOS PARA A INVESTIGA\u00c7\u00c3O EM NANOTECNOLOGIAS NO M\u00c9XICO E A MUDAN\u00c7A DE PARADIGMA DA POL\u00cdTICA DE CTI (em espanhol)<\/td>\n<td style=\"text-align: center; vertical-align: middle;\"><a href=\"https:\/\/www.interciencia.net\/wp-content\/uploads\/2017\/11\/008-ANAZALDO-8.pdf\" target=\"_blank\" rel=\"noopener\"><strong>8<\/strong><\/a><\/td>\n<\/tr>\n<tr>\n<td>\n<p class=\"small\">Sandra R. Ensslin, Leonardo Ensslin, Artur Carlos da Silva Moreira e Vera L\u00facia Duarte do Valle Pereira<\/p>\n<p>EVIDENCIA\u00c7\u00c3O DO ESTADO DA ARTE DA AVALIA\u00c7\u00c3O DA SEGURAN\u00c7A DO TRABALHO EM EMPREENDIMENTOS DA CONSTRU\u00c7\u00c3O CIVIL (em portugu\u00eas)<\/td>\n<td style=\"text-align: center; vertical-align: middle;\"><a href=\"https:\/\/www.interciencia.net\/wp-content\/uploads\/2017\/11\/016-MOREIRA-8.pdf\" target=\"_blank\" rel=\"noopener\"><strong>16<\/strong><\/a><\/td>\n<\/tr>\n<tr>\n<td>\n<p class=\"small\">Juliano Garcia Bertoldo, Rubens Onofre Nodari, Jefferson Lu\u00eds Meirelles Coimbra, Altamir Frederico Guidolin, Diego Toaldo, Pedro Patrick Pinho de Morais e Haroldo Tavares Elias<\/p>\n<p>PROGRESSO GEN\u00c9TICO DO FEIJ\u00c3O PRETO (<em>Phaseolus vulgaris<\/em> L.) DURANTE SETE ANOS (en ingl\u00e9s)<\/td>\n<td style=\"text-align: center; vertical-align: middle;\"><a href=\"https:\/\/www.interciencia.net\/wp-content\/uploads\/2017\/11\/024-GARC\u00cdA-BERTOLDO-8.pdf\" target=\"_blank\" rel=\"noopener\"><strong>24<\/strong><\/a><\/td>\n<\/tr>\n<tr>\n<td>\n<p class=\"small\">Elizabeth Olivares, Guillermina Aguiar, Eder Pe\u00f1a, Giuseppe Colonnello, Malfy Ben\u00edtez e Francisco Herrera<\/p>\n<p>ELEMENTOS DE TERRAS RARAS RELACIONADOS AO ALUM\u00cdNIO EM <em>Rhynchanthera grandiflora<\/em> EM BURITIZAIS (en ingl\u00e9s)<\/td>\n<td style=\"text-align: center; vertical-align: middle;\"><a href=\"https:\/\/www.interciencia.net\/wp-content\/uploads\/2017\/11\/032-OLIVARES-8.pdf\" target=\"_blank\" rel=\"noopener\"><strong>32<\/strong><\/a><\/td>\n<\/tr>\n<tr>\n<td colspan=\"2\"><strong>\/Comunica\u00e7\u00f5es\/<\/strong><\/td>\n<\/tr>\n<tr>\n<td>\n<p class=\"small\">Patr\u00edcia Paula Bellon, Vanda Pietrowski, Luis Francisco Angeli Alves, Ana Raquel Rheinheimer, Aline Monsani Miranda e Diego Gazola<\/p>\n<p>PRODUTOS FITOSSANIT\u00c1RIOS AGROECOL\u00d3GICOS NO CONTROLE DO PERCEVEJO-DE-RENDA (<em>Vatiga manihotae<\/em>) (HEMIPTERA: TINGIDAE) DA MANDIOCA (em portugu\u00eas)<\/td>\n<td style=\"text-align: center; vertical-align: middle;\"><a href=\"https:\/\/www.interciencia.net\/wp-content\/uploads\/2017\/11\/040-c-1\u00ba-BELLON-6.pdf\" target=\"_blank\" rel=\"noopener\"><strong>40<\/strong><\/a><\/td>\n<\/tr>\n<tr>\n<td>\n<p class=\"small\">Harley Nonato de Oliveira, Danilo Renato Santiago Santana, Patr\u00edcia Paula Bellon e Fabr\u00edcio Correia de Oliveira<\/p>\n<p>INFLU\u00caNCIA DA IDADE DOS OVOS DE <em>Diatraea saccharalis<\/em> (LEPIDOPTERA: CRAMBIDAE) NO PARASITISMO DE <em>Trichogramma galloi<\/em> (HYMENOPTERA: TRICHOGRAMMATIDAE) (em portugu\u00eas)<\/td>\n<td style=\"text-align: center; vertical-align: middle;\"><a href=\"https:\/\/www.interciencia.net\/wp-content\/uploads\/2017\/11\/046-c-DE-OLIVEIRA-3.pdf\" target=\"_blank\" rel=\"noopener\"><strong>46<\/strong><\/a><\/td>\n<\/tr>\n<tr>\n<td>\n<p class=\"small\">Sonia Ardito M., Abel Sent\u00edes e Kurt M. Dreckmann<\/p>\n<p>CARACTERIZA\u00c7\u00c3O MORFOANAT\u00d4MICA DE Hydropuntia usneoides (GRACILARIACEAE, RHODOPHYTA) PARA A\u00a0COSTA VENEZUELANA (em espanhol)<\/td>\n<td style=\"text-align: center; vertical-align: middle;\"><a href=\"https:\/\/www.interciencia.net\/wp-content\/uploads\/2017\/11\/049-c-ARDITO-5.pdf\" target=\"_blank\" rel=\"noopener\"><strong>49<\/strong><\/a><\/td>\n<\/tr>\n<tr>\n<td>\n<p class=\"small\">Luciano N. Segura, Emiliano A. Depino, Facundo Gandoy, Facundo G. Di Sallo e Marcelo F. Arturi<\/p>\n<p>A DIST\u00c2NCIA ENTRE MANCHAS DE FLORESTA E TAMANHO DAS \u00c1RVORES INFLUENCIA A ABUND\u00c2NCIA DE\u00a0CARDEAL (<em>Paroaria coronata<\/em>) NA FLORESTAS NATURAIS DA ARGENTINA (em espanhol)<\/td>\n<td style=\"text-align: center; vertical-align: middle;\"><a href=\"https:\/\/www.interciencia.net\/wp-content\/uploads\/2017\/11\/054-c-SEGURA-6.pdf\" target=\"_blank\" rel=\"noopener\"><strong>54<\/strong><\/a><\/td>\n<\/tr>\n<tr>\n<td colspan=\"2\"><strong>\/Ensaios\/<\/strong><\/td>\n<\/tr>\n<tr>\n<td>\n<p class=\"small\">Juan Francisco Juli\u00e0, Jos\u00e9 Antonio P\u00e9rez e Elena Meli\u00e1<\/p>\n<p>A MUDAN\u00c7A NECESS\u00c1RIA DA UNIVERSIDADE ESPANHOLA, DIANTE DE UM NOVO CEN\u00c1RIO ECON\u00d4MICO (em espanhol)<\/td>\n<td style=\"text-align: center; vertical-align: middle;\"><a href=\"https:\/\/www.interciencia.net\/wp-content\/uploads\/2017\/11\/060-e-1\u00ba-JULIA-8.pdf\" target=\"_blank\" rel=\"noopener\"><strong>60<\/strong><\/a><\/td>\n<\/tr>\n<\/tbody>\n<\/table>\n","protected":false},"excerpt":{"rendered":"<p>\/Editorial Miguel Laufer AS GRANDES DECIS\u00d5ES 7 \u00a0\/Artigos\/ M\u00f3nica Anzaldo, Michelle Chauvet e Luis A. Maldonado FUNDOS P\u00daBLICOS PARA A INVESTIGA\u00c7\u00c3O EM NANOTECNOLOGIAS NO M\u00c9XICO E A MUDAN\u00c7A DE PARADIGMA DA POL\u00cdTICA DE CTI (em espanhol) 8 Sandra R. Ensslin, Leonardo Ensslin, Artur Carlos da Silva Moreira e Vera L\u00facia Duarte do Valle Pereira EVIDENCIA\u00c7\u00c3O [&hellip;]<\/p>\n","protected":false},"author":1,"featured_media":0,"comment_status":"closed","ping_status":"open","sticky":false,"template":"","format":"standard","meta":[],"categories":[358],"tags":[],"_links":{"self":[{"href":"https:\/\/www.interciencia.net\/pt\/wp-json\/wp\/v2\/posts\/3500"}],"collection":[{"href":"https:\/\/www.interciencia.net\/pt\/wp-json\/wp\/v2\/posts"}],"about":[{"href":"https:\/\/www.interciencia.net\/pt\/wp-json\/wp\/v2\/types\/post"}],"author":[{"embeddable":true,"href":"https:\/\/www.interciencia.net\/pt\/wp-json\/wp\/v2\/users\/1"}],"replies":[{"embeddable":true,"href":"https:\/\/www.interciencia.net\/pt\/wp-json\/wp\/v2\/comments?post=3500"}],"version-history":[{"count":2,"href":"https:\/\/www.interciencia.net\/pt\/wp-json\/wp\/v2\/posts\/3500\/revisions"}],"predecessor-version":[{"id":3504,"href":"https:\/\/www.interciencia.net\/pt\/wp-json\/wp\/v2\/posts\/3500\/revisions\/3504"}],"wp:attachment":[{"href":"https:\/\/www.interciencia.net\/pt\/wp-json\/wp\/v2\/media?parent=3500"}],"wp:term":[{"taxonomy":"category","embeddable":true,"href":"https:\/\/www.interciencia.net\/pt\/wp-json\/wp\/v2\/categories?post=3500"},{"taxonomy":"post_tag","embeddable":true,"href":"https:\/\/www.interciencia.net\/pt\/wp-json\/wp\/v2\/tags?post=3500"}],"curies":[{"name":"wp","href":"https:\/\/api.w.org\/{rel}","templated":true}]}}