{"id":3411,"date":"2017-10-27T19:02:36","date_gmt":"2017-10-27T19:02:36","guid":{"rendered":"https:\/\/www.interciencia.net\/pt\/?p=3411"},"modified":"2018-08-08T11:19:20","modified_gmt":"2018-08-08T11:19:20","slug":"edicao-10-3","status":"publish","type":"post","link":"https:\/\/www.interciencia.net\/pt\/volume-42\/edicao-10-3\/","title":{"rendered":"Volume 42 Edi\u00e7\u00e3o 10"},"content":{"rendered":"<table width=\"100%\">\n<tbody>\n<tr>\n<td><strong>\/Pr\u00eamio Interciencia 2018\/<\/strong><\/td>\n<td style=\"text-align: center; vertical-align: middle;\"><a href=\"https:\/\/www.interciencia.net\/wp-content\/uploads\/2017\/10\/629-PREMIOS-42_101.pdf\" target=\"_blank\" rel=\"noopener\"><b>629<\/b><\/a><\/td>\n<\/tr>\n<tr>\n<td colspan=\"2\"><strong>\/Editorial\/<\/strong><\/td>\n<\/tr>\n<tr>\n<td>\n<p class=\"small\">Andr\u00e9s Bernasconi e Emilio Rodr\u00edguez-Ponce<\/p>\n<p>A EDUCA\u00c7\u00c3O NA ERA DO CONHECIMENTO: DESENVOLVIMENTO DE CAPITAL HUMANO OU FORMA\u00c7\u00c3O DE<br \/>\nPESSOAS?<\/td>\n<td style=\"text-align: center; vertical-align: middle;\" width=\"20%\"><a href=\"https:\/\/www.interciencia.net\/pt\/files\/2017\/10\/632-editorial-pt.pdf\" target=\"_blank\" rel=\"noopener\"><strong>632<\/strong><\/a><\/td>\n<\/tr>\n<tr>\n<td colspan=\"2\">\u00a0<strong>\/Artigos\/<\/strong><\/td>\n<\/tr>\n<tr>\n<td>\n<p class=\"small\">Emilio Rodr\u00edguez-Ponce e Liliana Pedraja-Rejas<\/p>\n<p>RELA\u00c7\u00c3O ENTRE A LIDERAN\u00c7A TRANSFORMACIONAL E O CLIMA ORIENTADO AO SERVI\u00c7O DOS ESTUDANTES: EVID\u00caNCIA EXPLORAT\u00d3RIA DESDE CHILE (em espanhol)<\/td>\n<td style=\"text-align: center; vertical-align: middle;\"><a href=\"https:\/\/www.interciencia.net\/wp-content\/uploads\/2017\/10\/633-RODRIGUEZ-42_108.pdf\" target=\"_blank\" rel=\"noopener\"><strong>633<\/strong><\/a><\/td>\n<\/tr>\n<tr>\n<td colspan=\"2\"><strong>\/Comunica\u00e7\u00f5es\/<\/strong><\/td>\n<\/tr>\n<tr>\n<td>\n<p class=\"small\">Carmen Gloria Seguel, Emilio Soto e Jos\u00e9 Rojas Martin<\/p>\n<p>PAR\u00c2METROS CIN\u00c9TICOS DE FERMENTA\u00c7\u00c3O DA MACROALGA <em>Gracilaria chilensis<\/em> (em ingl\u00eas)<\/td>\n<td style=\"text-align: center; vertical-align: middle;\"><a href=\"https:\/\/www.interciencia.net\/wp-content\/uploads\/2017\/10\/641-SEGUEL-42_104.pdf\" target=\"_blank\" rel=\"noopener\"><strong>641<\/strong><\/a><\/td>\n<\/tr>\n<tr>\n<td>\n<p class=\"small\">Carlos Torres Navarro, Maria Salete Waltrick e Contanza Delgado Vizcarra<\/p>\n<p>CUSTEIO DE PRODUTOS NA IND\u00daSTRIA DE PANIFICA\u00c7\u00c3O UTILIZANDO O M\u00c9TODO ABC (em espanhol)<\/td>\n<td style=\"text-align: center; vertical-align: middle;\"><a href=\"https:\/\/www.interciencia.net\/wp-content\/uploads\/2017\/10\/646-TORRES-42_107.pdf\" target=\"_blank\" rel=\"noopener\"><strong>646<\/strong><\/a><\/td>\n<\/tr>\n<tr>\n<td>\n<p class=\"small\">Juan Emilio \u00c1lvarez-Vargas, Iran Alia-Tejacal, Sergio Humberto Chavez-Franco, Mar\u00eda Teresa Colinas-Le\u00f3n, Daniel Nieto-\u00c1ngel, Fernando Rivera-Cabrera e Luis Alfonso Aguilar-P\u00e9rez<\/p>\n<p>AMEIXAS MEXICANAS (<em>Spondias purpurea<\/em> L) DE CLIMA \u00daMIDO E SECO: QUALIDADE, METAB\u00d3LITOS FUNCIONAIS E ATIVIDADE ANTIOXIDANTE (em espanhol)<\/td>\n<td style=\"text-align: center; vertical-align: middle;\"><a href=\"https:\/\/www.interciencia.net\/wp-content\/uploads\/2017\/10\/653-ALIA-42_108.pdf\" target=\"_blank\" rel=\"noopener\"><strong>653<\/strong><\/a><\/td>\n<\/tr>\n<tr>\n<td>\n<p class=\"small\">Gilberto Zammar, Bruno Ramond e Jo\u00e3o Luiz Kovaleski<\/p>\n<p>O QUOCIENTE DA INOVA\u00c7\u00c3O EM UMA INSTITUI\u00c7\u00c3O DE ENSINO TECNOL\u00d3GICO NO BRASIL: ORIENTA\u00c7\u00d5ES PARA MELHORAR O \u00cdNDICE, BUSCANDO A ACELERA\u00c7\u00c3O NA INTERA\u00c7\u00c3O UNIVERSIDADE-IND\u00daSTRIA (em portugu\u00eas)<\/td>\n<td style=\"text-align: center; vertical-align: middle;\"><a href=\"https:\/\/www.interciencia.net\/wp-content\/uploads\/2017\/10\/661-ZAMMAR-42_108.pdf\" target=\"_blank\" rel=\"noopener\"><strong>661<\/strong><\/a><\/td>\n<\/tr>\n<tr>\n<td>\n<p class=\"small\">Juan Carlos Paredes Rojas, Jordi Riera Colomer, Guillermo Urriolagoitia Sosa, Selene Montserrat Garc\u00eda Solares e Fernando Eli Ortiz Hern\u00e1ndez<\/p>\n<p>ANALISE ENERG\u00c9TICO DOS \u00d4NIBUS DO TRANSPORTE P\u00daBLICO DA CIDADE DO M\u00c9XICO (em ingl\u00eas)<\/td>\n<td style=\"text-align: center; vertical-align: middle;\"><a href=\"https:\/\/www.interciencia.net\/wp-content\/uploads\/2017\/10\/669-PAREDES-42_107.pdf\" target=\"_blank\" rel=\"noopener\"><strong>669<\/strong><\/a><\/td>\n<\/tr>\n<tr>\n<td>\n<p class=\"small\">Jorge Rojas e Dante Carrizo<\/p>\n<p>BRECHAS NA ENGENHARIA DE REQUISITOS ENTRE AS PROPOSTAS CIENT\u00cdFICAS E A PR\u00c1TICA DA IND\u00daSTRIA DE SOFTWARE LATINO AMERICANA (em ingl\u00eas)<\/td>\n<td style=\"text-align: center; vertical-align: middle;\"><a href=\"https:\/\/www.interciencia.net\/wp-content\/uploads\/2017\/10\/676-CARRIZO-42_107.pdf\" target=\"_blank\" rel=\"noopener\"><strong>676<\/strong><\/a><\/td>\n<\/tr>\n<tr>\n<td>\n<p class=\"small\">Jos\u00e9 D. Torres, Armando Alvis, Diofanor Acevedo, Piedad M. Montero e Diego F. Tirado<\/p>\n<p>OPTIMIZA\u00c7\u00c3O DAS CONDI\u00c7\u00d5ES DE FRITURA A V\u00c1CUO DE RODELAS DE BERINJELA (<em>Solanum melongena<\/em> L.) UTILIZANDO A METODOLOGIA DE SUPERF\u00cdCIE DE RESPOSTA (em ingl\u00eas)<\/td>\n<td style=\"text-align: center; vertical-align: middle;\"><a href=\"https:\/\/www.interciencia.net\/wp-content\/uploads\/2017\/10\/683-TIRADO-42_109.pdf\" target=\"_blank\" rel=\"noopener\"><strong>683<\/strong><\/a><\/td>\n<\/tr>\n<tr>\n<td>\n<p class=\"small\">Attila Elod Junior Blesz, Miguel Afonso Sellitto, Alexandre Rodrigues Ferreira, Felipe Fehlberg Herrmann, Cleiton Lixieski Sell, Priscila Vogelei Ramos e L\u00facia Adriana dos Santos Gruginskie<\/p>\n<p>INOVA\u00c7\u00c3O NO MERCADO DO TRANSPORTE DE CARGAS RODOVI\u00c1RIAS: ESTUDOS DE CASO (em portugu\u00eas)<\/td>\n<td style=\"text-align: center; vertical-align: middle;\"><a href=\"https:\/\/www.interciencia.net\/wp-content\/uploads\/2017\/10\/692-HERRMANN-42_106.pdf\" target=\"_blank\" rel=\"noopener\"><strong>692<\/strong><\/a><\/td>\n<\/tr>\n<tr>\n<td>\n<p class=\"small\">Marcela Rosas-Nexticapa, Diana Alejandra Caballero-Rodr\u00edguez, Socorro Herrera-Meza, H\u00e9ctor-Gabriel Acosta-Mesa, Isela Santiago-Roque, Lauro Figueroa-Valverde, Elodia Garc\u00eda-Cervera, Eduardo Pool-G\u00f3mez, Catalina Cervantes-Ortega e Virginia Mateu-Armand<\/p>\n<p>EFEITO DA SUPPLEMENTA\u00c7\u00c3O COM \u00c1CIDOS GRAXOS \u00d4MEGA-3 EM ESCOLARES COM SOBREPESO E OBESIDADE (em ingl\u00eas)<\/td>\n<td style=\"text-align: center; vertical-align: middle;\"><a href=\"https:\/\/www.interciencia.net\/wp-content\/uploads\/2017\/10\/698-ROSAS-42_107.pdf\" target=\"_blank\" rel=\"noopener\"><strong>698<\/strong><\/a><\/td>\n<\/tr>\n<\/tbody>\n<\/table>\n","protected":false},"excerpt":{"rendered":"<p>\/Pr\u00eamio Interciencia 2018\/ 629 \/Editorial\/ Andr\u00e9s Bernasconi e Emilio Rodr\u00edguez-Ponce A EDUCA\u00c7\u00c3O NA ERA DO CONHECIMENTO: DESENVOLVIMENTO DE CAPITAL HUMANO OU FORMA\u00c7\u00c3O DE PESSOAS? 632 \u00a0\/Artigos\/ Emilio Rodr\u00edguez-Ponce e Liliana Pedraja-Rejas RELA\u00c7\u00c3O ENTRE A LIDERAN\u00c7A TRANSFORMACIONAL E O CLIMA ORIENTADO AO SERVI\u00c7O DOS ESTUDANTES: EVID\u00caNCIA EXPLORAT\u00d3RIA DESDE CHILE (em espanhol) 633 \/Comunica\u00e7\u00f5es\/ Carmen Gloria Seguel, [&hellip;]<\/p>\n","protected":false},"author":1,"featured_media":3420,"comment_status":"closed","ping_status":"open","sticky":false,"template":"","format":"standard","meta":[],"categories":[44],"tags":[],"_links":{"self":[{"href":"https:\/\/www.interciencia.net\/pt\/wp-json\/wp\/v2\/posts\/3411"}],"collection":[{"href":"https:\/\/www.interciencia.net\/pt\/wp-json\/wp\/v2\/posts"}],"about":[{"href":"https:\/\/www.interciencia.net\/pt\/wp-json\/wp\/v2\/types\/post"}],"author":[{"embeddable":true,"href":"https:\/\/www.interciencia.net\/pt\/wp-json\/wp\/v2\/users\/1"}],"replies":[{"embeddable":true,"href":"https:\/\/www.interciencia.net\/pt\/wp-json\/wp\/v2\/comments?post=3411"}],"version-history":[{"count":3,"href":"https:\/\/www.interciencia.net\/pt\/wp-json\/wp\/v2\/posts\/3411\/revisions"}],"predecessor-version":[{"id":3549,"href":"https:\/\/www.interciencia.net\/pt\/wp-json\/wp\/v2\/posts\/3411\/revisions\/3549"}],"wp:featuredmedia":[{"embeddable":true,"href":"https:\/\/www.interciencia.net\/pt\/wp-json\/wp\/v2\/media\/3420"}],"wp:attachment":[{"href":"https:\/\/www.interciencia.net\/pt\/wp-json\/wp\/v2\/media?parent=3411"}],"wp:term":[{"taxonomy":"category","embeddable":true,"href":"https:\/\/www.interciencia.net\/pt\/wp-json\/wp\/v2\/categories?post=3411"},{"taxonomy":"post_tag","embeddable":true,"href":"https:\/\/www.interciencia.net\/pt\/wp-json\/wp\/v2\/tags?post=3411"}],"curies":[{"name":"wp","href":"https:\/\/api.w.org\/{rel}","templated":true}]}}