{"id":3373,"date":"2015-03-10T04:37:36","date_gmt":"2015-03-10T04:37:36","guid":{"rendered":"https:\/\/www.interciencia.net\/pt\/?p=3373"},"modified":"2018-01-16T03:24:48","modified_gmt":"2018-01-16T03:24:48","slug":"edicao-3-2","status":"publish","type":"post","link":"https:\/\/www.interciencia.net\/pt\/volume-40\/edicao-3-2\/","title":{"rendered":"Volume 40 Edi\u00e7\u00e3o 03"},"content":{"rendered":"<table width=\"100%\">\n<tbody>\n<tr>\n<td colspan=\"2\"><strong>\/Editorial\/<\/strong><\/td>\n<\/tr>\n<tr>\n<td>\n<p class=\"small\">Miguel Laufer<\/p>\n<p>A CI\u00caNCIA ENTRE N\u00d3S (2)<\/td>\n<td style=\"text-align: center; vertical-align: middle;\" width=\"20%\"><a href=\"https:\/\/www.interciencia.net\/pt\/files\/2017\/10\/155-editorial-pt.pdf\" target=\"_blank\" rel=\"noopener\"><strong>155<\/strong><\/a><\/td>\n<\/tr>\n<tr>\n<td colspan=\"2\">\u00a0<strong>\/Artigos\/<\/strong><\/td>\n<\/tr>\n<tr>\n<td>\n<p class=\"small\">Michele Fernanda Marques de Brito, Reinaldo Farias Paiva de Lucena e Denise Dias da Cruz<\/p>\n<p>CONHECIMENTO ETNOBOT\u00c2NICO LOCAL SOBRE PLANTAS MEDICINAIS: UMA AVALIA\u00c7\u00c3O DE \u00cdNDICES QUANTITATIVOS (em portugu\u00eas)<\/td>\n<td style=\"text-align: center; vertical-align: middle;\"><a href=\"https:\/\/www.interciencia.net\/wp-content\/uploads\/2017\/10\/156-BRITO.pdf\" target=\"_blank\" rel=\"noopener\"><strong>156<\/strong><\/a><\/td>\n<\/tr>\n<tr>\n<td>\n<p class=\"small\">Sandra Flores-M\u00e1rquez, Carlos Rodr\u00edguez-Monroy e Jos\u00e9 Flores-Guti\u00e9rrez<\/p>\n<p>IDENTIFICA\u00c7\u00c3O E EVOLU\u00c7\u00c3O DOS GRUPOS ESTRAT\u00c9GICOS DA IND\u00daSTRIA BANC\u00c1RIA VENEZUELANA (em espanhol)<\/td>\n<td style=\"text-align: center; vertical-align: middle;\"><a href=\"https:\/\/www.interciencia.net\/wp-content\/uploads\/2017\/10\/165-FLORES.pdf\" target=\"_blank\" rel=\"noopener\"><strong>165<\/strong><\/a><\/td>\n<\/tr>\n<tr>\n<td>\n<p class=\"small\">Arnaldo Gon\u00e7alves de Campos, Geison Jader Mello, Leone Covari, Leandro Carbo, Jorge Luiz da Silva, Ronaldo Eust\u00e1quio Feitoza Senra e Maria de Fatima Barbosa Coelho<\/p>\n<p>A AGROECOLOGIA COMO CI\u00caNCIA MEDIADORA ENTRE A FORMA\u00c7\u00c3O DO AGR\u00d4NOMO E A AGRICULTURA SUSTENT\u00c1VEL (em portugu\u00eas)<\/td>\n<td style=\"text-align: center; vertical-align: middle;\"><a href=\"https:\/\/www.interciencia.net\/wp-content\/uploads\/2017\/10\/172-MELLO.pdf\" target=\"_blank\" rel=\"noopener\"><strong>172<\/strong><\/a><\/td>\n<\/tr>\n<tr>\n<td>\n<p class=\"small\">Luz Mar\u00eda Cruz Garc\u00eda, Jos\u00e9 Alfredo Arreola-Lizarraga, Renato A. Mendoza-Salgado, Patricia Galina-Tessaro, Luis Felipe Beltr\u00e1n-Morales e Alfredo Ortega-Rubio<\/p>\n<p>APLICA\u00c7\u00c3O DE \u00cdNDICES DE DIVERSIDADE ECOL\u00d3GICA COM ENFOQUE ECOSSIST\u00caMICO EM N\u00cdVEL ECORREGIONAL E PRIORIZA\u00c7\u00c3O DO DECRETO DAS NOVAS \u00c1REAS NATURAIS PROTEGIDAS (em ingl\u00eas)<\/td>\n<td style=\"text-align: center; vertical-align: middle;\"><a href=\"https:\/\/www.interciencia.net\/wp-content\/uploads\/2017\/10\/179-ORTEGA.pdf\" target=\"_blank\" rel=\"noopener\"><strong>179<\/strong><\/a><\/td>\n<\/tr>\n<tr>\n<td>\n<p class=\"small\">Alma Delia Baez-Gonzalez, James R. Kiniry, Jose Saul Padilla Ramirez, Guillermo Medina Garcia, Jose Luis Ramos Gonzalez e Esteban Salvador Osuna Ceja<\/p>\n<p>PARAMETRIZA\u00c7\u00c3O DO MODELO DE SIMULA\u00c7\u00c3O DE CULTIVOS ALMANAC PARA FEIJ\u00c3O EM \u00c1REAS SEMI\u00c1RIDAS TEMPERADAS DE M\u00c9XICO (em portugu\u00eas)<\/td>\n<td style=\"text-align: center; vertical-align: middle;\"><a href=\"https:\/\/www.interciencia.net\/wp-content\/uploads\/2017\/10\/185-BAEZ.pdf\" target=\"_blank\" rel=\"noopener\"><strong>185<\/strong><\/a><\/td>\n<\/tr>\n<tr>\n<td>\n<p class=\"small\">Juan Carlos L\u00f3pez-Acosta e Rodolfo Dirzo<\/p>\n<p>ASPECTOS RELEVANTES SOBRE A HIST\u00d3RIA NATURAL DAS PLANTAS HEMIEP\u00cdFITAS ESTRANGULADORAS (em espanhol)<\/td>\n<td style=\"text-align: center; vertical-align: middle;\"><a href=\"https:\/\/www.interciencia.net\/wp-content\/uploads\/2017\/10\/190-LOPEZ-ACOSTA.pdf\" target=\"_blank\" rel=\"noopener\"><strong>190<\/strong><\/a><\/td>\n<\/tr>\n<tr>\n<td colspan=\"2\"><strong>\/Comunica\u00e7\u00f5es\/<\/strong><\/td>\n<\/tr>\n<tr>\n<td>\n<p class=\"small\">Mar\u00eda Hilda P\u00e9rez-Barraza, Jorge Alberto Osuna-Garc\u00eda, Jos\u00e9 Sa\u00fal Padilla-Ram\u00edrez, Roberto S\u00e1nchez-Lucio, Yolanda Nolasco-Gonz\u00e1lez e Ernesto Gonz\u00e1lez-Gaona<\/p>\n<p>FENOLOGIA, PRODUTIVIDADE E QUALIDADE DO FRUTO DE GOIABA POLPA CREME E ROSA NO CLIMA TROPICAL NO M\u00c9XICO (em espanhol)<\/td>\n<td style=\"text-align: center; vertical-align: middle;\"><a href=\"https:\/\/www.interciencia.net\/wp-content\/uploads\/2017\/10\/198-c-PEREZ.pdf\" target=\"_blank\" rel=\"noopener\"><strong>198<\/strong><\/a><\/td>\n<\/tr>\n<tr>\n<td>\n<p class=\"small\">Roraysi Cortez, Miguel Guevara, Richard Bauza, Luis Freites, Diagnora Brito, N\u00e9stor Rosales e C\u00e9sar Lodeiros<\/p>\n<p>AUMENTO DO TEOR LIP\u00cdDICO E \u00c1CIDOS GRAXOS POLI-INSATURADOS DE UMA CEPA DE <em>Tetraselmis tetrathele<\/em> ATRAV\u00c9S DE MUTA\u00c7\u00c3O-SELE\u00c7\u00c3O (em espanhol)<\/td>\n<td style=\"text-align: center; vertical-align: middle;\"><a href=\"https:\/\/www.interciencia.net\/wp-content\/uploads\/2017\/10\/204-c-GUEVARA.pdf\" target=\"_blank\" rel=\"noopener\"><strong>204<\/strong><\/a><\/td>\n<\/tr>\n<tr>\n<td colspan=\"2\"><strong>\/Ensaios\/<\/strong><\/td>\n<\/tr>\n<tr>\n<td>\n<p class=\"small\">Lorena Casanova-P\u00e9rez, Juan Pablo Mart\u00ednez-D\u00e1vila, Silvia L\u00f3pez-Ortiz, Ces\u00e1reo Landeros-S\u00e1nchez, Gustavo L\u00f3pez-Romero e Benjam\u00edn Pe\u00f1a-Olvera<\/p>\n<p>ENFOQUES DO PENSAMENTO COMPLEXO NO AGROECOSSISTEMA (em espanhol)<\/td>\n<td style=\"text-align: center; vertical-align: middle;\"><a href=\"https:\/\/www.interciencia.net\/wp-content\/uploads\/2017\/10\/210-e-MARTINEZ.pdf\" target=\"_blank\" rel=\"noopener\"><strong>210<\/strong><\/a><\/td>\n<\/tr>\n<\/tbody>\n<\/table>\n","protected":false},"excerpt":{"rendered":"<p>\/Editorial\/ Miguel Laufer A CI\u00caNCIA ENTRE N\u00d3S (2) 155 \u00a0\/Artigos\/ Michele Fernanda Marques de Brito, Reinaldo Farias Paiva de Lucena e Denise Dias da Cruz CONHECIMENTO ETNOBOT\u00c2NICO LOCAL SOBRE PLANTAS MEDICINAIS: UMA AVALIA\u00c7\u00c3O DE \u00cdNDICES QUANTITATIVOS (em portugu\u00eas) 156 Sandra Flores-M\u00e1rquez, Carlos Rodr\u00edguez-Monroy e Jos\u00e9 Flores-Guti\u00e9rrez IDENTIFICA\u00c7\u00c3O E EVOLU\u00c7\u00c3O DOS GRUPOS ESTRAT\u00c9GICOS DA IND\u00daSTRIA BANC\u00c1RIA [&hellip;]<\/p>\n","protected":false},"author":1,"featured_media":0,"comment_status":"closed","ping_status":"open","sticky":false,"template":"","format":"standard","meta":[],"categories":[349],"tags":[],"_links":{"self":[{"href":"https:\/\/www.interciencia.net\/pt\/wp-json\/wp\/v2\/posts\/3373"}],"collection":[{"href":"https:\/\/www.interciencia.net\/pt\/wp-json\/wp\/v2\/posts"}],"about":[{"href":"https:\/\/www.interciencia.net\/pt\/wp-json\/wp\/v2\/types\/post"}],"author":[{"embeddable":true,"href":"https:\/\/www.interciencia.net\/pt\/wp-json\/wp\/v2\/users\/1"}],"replies":[{"embeddable":true,"href":"https:\/\/www.interciencia.net\/pt\/wp-json\/wp\/v2\/comments?post=3373"}],"version-history":[{"count":3,"href":"https:\/\/www.interciencia.net\/pt\/wp-json\/wp\/v2\/posts\/3373\/revisions"}],"predecessor-version":[{"id":3899,"href":"https:\/\/www.interciencia.net\/pt\/wp-json\/wp\/v2\/posts\/3373\/revisions\/3899"}],"wp:attachment":[{"href":"https:\/\/www.interciencia.net\/pt\/wp-json\/wp\/v2\/media?parent=3373"}],"wp:term":[{"taxonomy":"category","embeddable":true,"href":"https:\/\/www.interciencia.net\/pt\/wp-json\/wp\/v2\/categories?post=3373"},{"taxonomy":"post_tag","embeddable":true,"href":"https:\/\/www.interciencia.net\/pt\/wp-json\/wp\/v2\/tags?post=3373"}],"curies":[{"name":"wp","href":"https:\/\/api.w.org\/{rel}","templated":true}]}}