{"id":3306,"date":"2015-11-10T02:06:23","date_gmt":"2015-11-10T02:06:23","guid":{"rendered":"https:\/\/www.interciencia.net\/pt\/?p=3306"},"modified":"2018-01-16T03:28:42","modified_gmt":"2018-01-16T03:28:42","slug":"edicao-11","status":"publish","type":"post","link":"https:\/\/www.interciencia.net\/pt\/volume-40\/edicao-11\/","title":{"rendered":"Volume 40 Edi\u00e7\u00e3o 11"},"content":{"rendered":"<table width=\"100%\">\n<tbody>\n<tr>\n<td colspan=\"2\"><strong>\/Editorial\/<\/strong><\/td>\n<\/tr>\n<tr>\n<td>\n<p class=\"small\">Miguel Laufer<\/p>\n<p>O DESIDERATUM DE UM EDITOR DE CI\u00caNCIA E TECNOLOGIA<\/td>\n<td style=\"text-align: center; vertical-align: middle;\" width=\"20%\"><a href=\"https:\/\/www.interciencia.net\/pt\/files\/2017\/10\/735-editorial-pt.pdf\" target=\"_blank\" rel=\"noopener\">735<\/a><\/td>\n<\/tr>\n<tr>\n<td colspan=\"2\">\u00a0<strong>\/Artigos\/<\/strong><\/td>\n<\/tr>\n<tr>\n<td>\n<p class=\"small\">Constanza Veloso-Besio, Alejandro Cuadra-Peralta, Francisco Gil-Rodr\u00edguez, \u00c1lvaro Quiroz-Cornejo e Sebasti\u00e1n Meza-Castro<\/p>\n<p>TRABALHADORES TREINAMENTO: IMPACTO DE UM PROGRAMA, COM BASE EM PSICOLOGIA POSITIVA E HABILIDADES SOCIAIS, EM SATISFA\u00c7\u00c3O DE VIDA, SATISFA\u00c7\u00c3O NO TRABALHO E CLIMA ORGANIZACIONAL (em espanhol)<\/td>\n<td style=\"text-align: center; vertical-align: middle;\"><a href=\"https:\/\/www.interciencia.net\/wp-content\/uploads\/2017\/10\/736-A-VELOSO-40_118.pdf\" target=\"_blank\" rel=\"noopener\">736<\/a><\/td>\n<\/tr>\n<tr>\n<td>\n<p class=\"small\">Ricardo Mart\u00ednez Mart\u00ednez, Mar\u00eda Esther Ortega Cerrilla, Jos\u00e9 Guadalupe Herrera Haro, Jorge Ramsy Kawas Garza, Juan Jos\u00e9 Z\u00e1rate Ramos e Ram\u00f3n Soriano robles<\/p>\n<p>USO DE \u00d3LEOS ESSENCIAIS EM ANIMAIS DE FAZENDA (em espanhol)<\/td>\n<td style=\"text-align: center; vertical-align: middle;\"><a href=\"https:\/\/www.interciencia.net\/wp-content\/uploads\/2017\/10\/744-A-ORTEGA-40_117.pdf\" target=\"_blank\" rel=\"noopener\">744<\/a><\/td>\n<\/tr>\n<tr>\n<td>\n<p class=\"small\">Carlos Villarroel G., Alessandro Comai, Vesna Karmelic-Pavlov, Antonella Fern\u00e1ndez O. e Catalina Arriagada V.<\/p>\n<p>DESENHO E IMPLEMENTA\u00c7\u00c3O DE UMA UNIDADE DE VIGIL\u00c2NCIA TECNOL\u00d3GICA E INTELIG\u00caNCIA COMPETITIVA (em espanhol)<\/td>\n<td style=\"text-align: center; vertical-align: middle;\"><a href=\"https:\/\/www.interciencia.net\/wp-content\/uploads\/2017\/10\/751-A-VILLAROEL-40_118-SI1.pdf\" target=\"_blank\" rel=\"noopener\">751<\/a><\/td>\n<\/tr>\n<tr>\n<td>\n<p class=\"small\">Deli Nazm\u00edn Tirado-Gonz\u00e1lez, Gustavo Tirado-Estrada e Luis Alberto Miranda-Romero<\/p>\n<p>SOBRE O EFEITO DE ENZIMAS F\u00daNGICAS NA ALIMENTA\u00c7\u00c3O DE RUMINANTES (em espanhol)<\/td>\n<td style=\"text-align: center; vertical-align: middle;\"><a href=\"https:\/\/www.interciencia.net\/wp-content\/uploads\/2017\/10\/758-A-TIRADO-40_119-vale.pdf\" target=\"_blank\" rel=\"noopener\">758<\/a><\/td>\n<\/tr>\n<tr>\n<td>\n<p class=\"small\">Alberto D\u00edaz Araya<\/p>\n<p>A PRODU\u00c7\u00c3O DE MILHO NO VALLE LLUTA DURANTE A \u00c9POCA COLONIAL, NORTE DO CHILE (SIGLOS XVI-XIX) (em espanhol)<\/td>\n<td style=\"text-align: center; vertical-align: middle;\"><a href=\"https:\/\/www.interciencia.net\/wp-content\/uploads\/2017\/10\/767-A-DIAZ-ARAYA-40_116.pdf\" target=\"_blank\" rel=\"noopener\">767<\/a><\/td>\n<\/tr>\n<tr>\n<td colspan=\"2\"><strong>\/Comunica\u00e7\u00f5es\/<\/strong><\/td>\n<\/tr>\n<tr>\n<td>\n<p class=\"small\">Ricardo Gallegos-Lara, Alma Delia Alarc\u00f3n-Rojo, Iv\u00e1n Adri\u00e1n Garc\u00eda-Galicia, Jos\u00e9 Guadalupe Gamboa-Alvarado e Eduardo Santellano-Estrada<\/p>\n<p>COMPORTAMENTO PRODUTIVO, CARACTER\u00cdSTICAS DOS \u00d3RG\u00c3OS REPRODUTIVOS E DA CARCA\u00c7A DE SU\u00cdNOS<br \/>\nINMUNOCASTRADOS (em espanhol)<\/td>\n<td style=\"text-align: center; vertical-align: middle;\"><a href=\"https:\/\/www.interciencia.net\/wp-content\/uploads\/2017\/10\/773-C-ALARCON-40_116.pdf\" target=\"_blank\" rel=\"noopener\">773<\/a><\/td>\n<\/tr>\n<tr>\n<td>\n<p class=\"small\">Antonio Altamirano Corro, Marco A. Zamora Antu\u00f1ano, Domingo J. G\u00f3mez Mel\u00e9ndez e Rebeca del Roc\u00edo Peniche Vera<\/p>\n<p>ATRAV\u00c9S DO PROCESSO DE HIERARQUIA ANAL\u00cdTICA. O CASO DA UNIVERSIDADE AUT\u00d4NOMA DE QUER\u00c9TARO, M\u00c9XICO (em espanhol)<\/td>\n<td style=\"text-align: center; vertical-align: middle;\"><a href=\"https:\/\/www.interciencia.net\/wp-content\/uploads\/2017\/10\/779-C-ALTAMIRANO-40_115color.pdf\" target=\"_blank\" rel=\"noopener\">779<\/a><\/td>\n<\/tr>\n<tr>\n<td>\n<p class=\"small\">Valmir Aita, Deivid Ara\u00fajo Magano, Maicon Roberto Ribeiro Machado e Jerson Vanderlei Car\u00fas Guedes<\/p>\n<p>MANEJO DE LAGARTAS NA CULTURA DA SOJA COM APLICA\u00c7\u00c3O DE CONTROLE LOCALIZADO (em portugu\u00eas)<\/td>\n<td style=\"text-align: center; vertical-align: middle;\">\u00a0<a href=\"https:\/\/www.interciencia.net\/wp-content\/uploads\/2017\/10\/784-C-MAGANO-40_115.pdf\" target=\"_blank\" rel=\"noopener\">784<\/a><\/td>\n<\/tr>\n<tr>\n<td>\n<p class=\"small\">Janianny Hern\u00e1ndez-Esparza, Jos\u00e9 Antonio Rangel-Lucio, Enrique Andrio-Enr\u00edquez, Mariano Mendoza-Elos, J. Guadalupe Rivera Reyes e Francisco Cervantes-Ortiz<\/p>\n<p>COMBINA\u00c7\u00c3O DE ADEQUA\u00c7\u00c3O PARA CONTE\u00daDO DE CLOROFILA NAS LINHAS DE MILHO S3 PARA O \u2018BAJ\u00cdO\u2019 DO M\u00c9XICO (em espanhol)<\/td>\n<td style=\"text-align: center; vertical-align: middle;\"><a href=\"https:\/\/www.interciencia.net\/wp-content\/uploads\/2017\/10\/789-C-CERVANTES-40_115.pdf\" target=\"_blank\" rel=\"noopener\">789<\/a><\/td>\n<\/tr>\n<tr>\n<td>\n<p class=\"small\">Mar\u00eda Jes\u00fas Aguilera Ure\u00f1a, Jos\u00e9 Emilio Mero\u00f1o de Larriva e Alberto Jes\u00fas Perea Moreno<\/p>\n<p>ANALISE DO GRAU DE DEGRADA\u00c7\u00c3O DO MATERIAL DE CONSTRU\u00c7\u00c3O EM EDIF\u00cdCIOS HIST\u00d3RICOS APLICANDO TECNOLOGIA ESPECTROSC\u00d3PICA DE REFLECT\u00c2NCIA NO INFRAVERMELHO PR\u00d3XIMO (NIRS) (em espanhol)<\/td>\n<td style=\"text-align: center; vertical-align: middle;\">\u00a0<a href=\"https:\/\/www.interciencia.net\/wp-content\/uploads\/2017\/10\/794-\u00a9-PEREA-MORENO-40_115.pdf\" target=\"_blank\" rel=\"noopener\">794<\/a><\/td>\n<\/tr>\n<tr>\n<td colspan=\"2\"><strong>\/Ensaios\/<\/strong><\/td>\n<\/tr>\n<tr>\n<td>\n<p class=\"small\">Rodrigo Ruz Zagal, Luis Galdames Rosas e Alberto D\u00edaz Araya<\/p>\n<p>ALTERIZA\u00c7\u00c3O DO PERU NEGRO EM MAGAZINES CHILENOS: CORRE-VUELA 1910-1930 (em espanhol)<\/td>\n<td style=\"text-align: center; vertical-align: middle;\" width=\"20%\"><a href=\"https:\/\/www.interciencia.net\/wp-content\/uploads\/2017\/10\/799E-RUZ-ZAGAL7color-VOL.-40_11.pdf\" target=\"_blank\" rel=\"noopener\">799<\/a><\/td>\n<\/tr>\n<\/tbody>\n<\/table>\n","protected":false},"excerpt":{"rendered":"<p>\/Editorial\/ Miguel Laufer O DESIDERATUM DE UM EDITOR DE CI\u00caNCIA E TECNOLOGIA 735 \u00a0\/Artigos\/ Constanza Veloso-Besio, Alejandro Cuadra-Peralta, Francisco Gil-Rodr\u00edguez, \u00c1lvaro Quiroz-Cornejo e Sebasti\u00e1n Meza-Castro TRABALHADORES TREINAMENTO: IMPACTO DE UM PROGRAMA, COM BASE EM PSICOLOGIA POSITIVA E HABILIDADES SOCIAIS, EM SATISFA\u00c7\u00c3O DE VIDA, SATISFA\u00c7\u00c3O NO TRABALHO E CLIMA ORGANIZACIONAL (em espanhol) 736 Ricardo Mart\u00ednez Mart\u00ednez, [&hellip;]<\/p>\n","protected":false},"author":1,"featured_media":0,"comment_status":"closed","ping_status":"open","sticky":false,"template":"","format":"standard","meta":[],"categories":[349],"tags":[],"_links":{"self":[{"href":"https:\/\/www.interciencia.net\/pt\/wp-json\/wp\/v2\/posts\/3306"}],"collection":[{"href":"https:\/\/www.interciencia.net\/pt\/wp-json\/wp\/v2\/posts"}],"about":[{"href":"https:\/\/www.interciencia.net\/pt\/wp-json\/wp\/v2\/types\/post"}],"author":[{"embeddable":true,"href":"https:\/\/www.interciencia.net\/pt\/wp-json\/wp\/v2\/users\/1"}],"replies":[{"embeddable":true,"href":"https:\/\/www.interciencia.net\/pt\/wp-json\/wp\/v2\/comments?post=3306"}],"version-history":[{"count":3,"href":"https:\/\/www.interciencia.net\/pt\/wp-json\/wp\/v2\/posts\/3306\/revisions"}],"predecessor-version":[{"id":3907,"href":"https:\/\/www.interciencia.net\/pt\/wp-json\/wp\/v2\/posts\/3306\/revisions\/3907"}],"wp:attachment":[{"href":"https:\/\/www.interciencia.net\/pt\/wp-json\/wp\/v2\/media?parent=3306"}],"wp:term":[{"taxonomy":"category","embeddable":true,"href":"https:\/\/www.interciencia.net\/pt\/wp-json\/wp\/v2\/categories?post=3306"},{"taxonomy":"post_tag","embeddable":true,"href":"https:\/\/www.interciencia.net\/pt\/wp-json\/wp\/v2\/tags?post=3306"}],"curies":[{"name":"wp","href":"https:\/\/api.w.org\/{rel}","templated":true}]}}