{"id":3289,"date":"2016-02-10T03:28:30","date_gmt":"2016-02-10T03:28:30","guid":{"rendered":"https:\/\/www.interciencia.net\/pt\/?p=3289"},"modified":"2018-01-16T03:23:43","modified_gmt":"2018-01-16T03:23:43","slug":"edicao-2","status":"publish","type":"post","link":"https:\/\/www.interciencia.net\/pt\/volume-41\/edicao-2\/","title":{"rendered":"Volume 41 Edi\u00e7\u00e3o 02"},"content":{"rendered":"<table width=\"100%\">\n<tbody>\n<tr>\n<td colspan=\"2\"><strong>\/Editorial\/<\/strong><\/td>\n<\/tr>\n<tr>\n<td>\n<p class=\"small\">Miguel Laufer<\/p>\n<p>DESPREZO PELA CI\u00caNCIA<\/td>\n<td style=\"text-align: center; vertical-align: middle;\" width=\"20%\"><a href=\"https:\/\/www.interciencia.net\/pt\/files\/2017\/10\/83-editorial-pt.pdf\" target=\"_blank\" rel=\"noopener\">83<\/a><\/td>\n<\/tr>\n<tr>\n<td colspan=\"2\">\u00a0<strong>\/Artigos\/<\/strong><\/td>\n<\/tr>\n<tr>\n<td>\n<p class=\"small\">Aline Reyes-D\u00edaz, Aar\u00f3n F. Gonz\u00e1lez-C\u00f3rdova, Adri\u00e1n Hern\u00e1ndez-Mendoza e Belinda Vallejo-Cordoba<\/p>\n<p>PEPT\u00cdDEOS IMUNOMODULADORES DERIVADOS DAS PROTE\u00cdNAS DO LEITE (em espanhol)<\/td>\n<td style=\"text-align: center; vertical-align: middle;\"><a href=\"https:\/\/www.interciencia.net\/wp-content\/uploads\/2017\/10\/84-VALLEJO-ok-40_2.pdf\" target=\"_blank\" rel=\"noopener\">84<\/a><\/td>\n<\/tr>\n<tr>\n<td>\n<p class=\"small\">Diego Andr\u00e9s Gonz\u00e1lez Carrasco e Ana Mar\u00eda Carrasco Guti\u00e9rrez<\/p>\n<p>O PATIO, ESPA\u00c7O MEDIADOR. CARACTER\u00cdSTICAS DO VIVER TRADICIONAL RURAL AYMARA, PRESENTES EM MORADIAS SOCIAIS DE FAMILIAS RESIDENTES EM ARICA, CHILE (em espanhol)<\/td>\n<td style=\"text-align: center; vertical-align: middle;\"><a href=\"https:\/\/www.interciencia.net\/wp-content\/uploads\/2017\/10\/92-CARRASCO-vol.-40_2.pdf\" target=\"_blank\" rel=\"noopener\">92<\/a><\/td>\n<\/tr>\n<tr>\n<td colspan=\"2\"><strong>\/Comunica\u00e7\u00f5es\/<\/strong><\/td>\n<\/tr>\n<tr>\n<td>\n<p class=\"small\">Delia Edith Mart\u00ednez Vazquez, Eduardo S\u00e1nchez L\u00f3pez, Leonel Avenda\u00f1o Reyes, Francisco Javier Mer\u00e1z Murillo e Vicente Torres Rodr\u00edguez<\/p>\n<p>AVALIA\u00c7\u00c3O ECON\u00d4MICA DA UTILIZA\u00c7\u00c3O DE DOIS AGONISTAS \u03b2-ADREN\u00c9RGICOS DURANTE O FINAL DE ENGORDA DO NOVILHOS (em espanhol)<\/td>\n<td style=\"text-align: center; vertical-align: middle;\"><a href=\"https:\/\/www.interciencia.net\/wp-content\/uploads\/2017\/10\/98-comuSANCHEZ-LOPEZ-40_26.pdf\" target=\"_blank\" rel=\"noopener\">98<\/a><\/td>\n<\/tr>\n<tr>\n<td>\n<p class=\"small\">Lilia Cris\u00f3stomo-V\u00e1zquez, Claudia Alcocer-Morales, Cruz Lozano-Ram\u00edrez e M\u00f3nica Cristina Rodr\u00edguez-Palacio<\/p>\n<p>FITOPLANCTON DA LAGOA DO CARPINTERO, TAMPICO, TAMAULIPAS, M\u00c9XICO (em espanhol)<\/td>\n<td style=\"text-align: center; vertical-align: middle;\"><a href=\"https:\/\/www.interciencia.net\/wp-content\/uploads\/2017\/10\/103-RODRIGUEZ-41_2.pdf\" target=\"_blank\" rel=\"noopener\">103<\/a><\/td>\n<\/tr>\n<tr>\n<td>\n<p class=\"small\">Rafael Fern\u00e1ndez Da Silva e Gunta Smits Briedis<\/p>\n<p>HIFOMICETOS AQU\u00c1TICOS NA NASCENTE DO RIO CHIRGUA, CARABOBO, VENEZUELA (em espanhol)<\/td>\n<td style=\"text-align: center; vertical-align: middle;\"><a href=\"https:\/\/www.interciencia.net\/wp-content\/uploads\/2017\/10\/110-FERNANDEZ-DA-SILVA-40_2.pdf\" target=\"_blank\" rel=\"noopener\">110<\/a><\/td>\n<\/tr>\n<tr>\n<td>\n<p class=\"small\">Pablo Valladares Fa\u00fandez, Natalia Urrutia Osorio, Nicole \u00c1lvarez Henr\u00edquez, Osman Orellana Orozco e Sergio Alvarado Orellana<\/p>\n<p>DIETA DA CORUJA-DAS-TORRES (<em>Tyto alba<\/em> SCOPOLI 1769) NO VALE DE COPIAP\u00d3, DESERTO DE ATACAMA, CHILE (em ingl\u00eas)<\/td>\n<td style=\"text-align: center; vertical-align: middle;\"><a href=\"https:\/\/www.interciencia.net\/wp-content\/uploads\/2017\/10\/114-VALLADARES-40_2.pdf\" target=\"_blank\" rel=\"noopener\">114<\/a><\/td>\n<\/tr>\n<tr>\n<td>\n<p class=\"small\">Cristina Sainz-Borgo<\/p>\n<p>COMPOSI\u00c7\u00c3O DA DIETA DAS AVES ASSOCIADA A UMA TRECHO DE FLORESTA URBANA NO NORTE DA VENEZUELA (em ingl\u00eas)<\/td>\n<td style=\"text-align: center; vertical-align: middle;\"><a href=\"https:\/\/www.interciencia.net\/wp-content\/uploads\/2017\/10\/119-SAINZ-40_2.pdf\" target=\"_blank\" rel=\"noopener\">119<\/a><\/td>\n<\/tr>\n<tr>\n<td>\n<p class=\"small\">Guadalupe Arlene Mora-Romero, Melina L\u00f3pez-Meyer, Claudia Mar\u00eda Ram\u00edrez-Douriet, Mar\u00eda del Carmen Mart\u00ednez-<br \/>\nValenzuela, Cecilia de Los \u00c1ngeles Romero-Ur\u00edas, Gabriel Herrera-Rodr\u00edguez e Rub\u00e9n F\u00e9lix-Gast\u00e9lum<\/p>\n<p>AVALIA\u00c7\u00c3O DA SUSCEPTIBILIDADE A <em>Sclerotinia sclerotiorum<\/em> EM QUATRO GEN\u00d3TIPOS DE FEIJ\u00c3O (<em>Phaseolus vulgaris<\/em> L.) MICORRIZADOS (em espanhol)<\/td>\n<td style=\"text-align: center; vertical-align: middle;\"><a href=\"https:\/\/www.interciencia.net\/wp-content\/uploads\/2017\/10\/127-MORA-40_2.pdf\" target=\"_blank\" rel=\"noopener\">127<\/a><\/td>\n<\/tr>\n<tr>\n<td colspan=\"2\"><strong>\/Ensaios\/<\/strong><\/td>\n<\/tr>\n<tr>\n<td>\n<p class=\"small\">El\u00edas Pizarro Pizarro e Ra\u00fal Bustos Gonz\u00e1lez<\/p>\n<p>ESPA\u00c7OS DE CATIVEIRO: O SISTEMA CARCER\u00c1RIO NO EXTREMO NORTE DO CHILE (1895-1910) (em espanhol)<\/td>\n<td style=\"text-align: center; vertical-align: middle;\"><a href=\"https:\/\/www.interciencia.net\/wp-content\/uploads\/2017\/10\/133-PIZARRO.pdf\" target=\"_blank\" rel=\"noopener\">133<\/a><\/td>\n<\/tr>\n<tr>\n<td>\/<strong>Pr\u00f3ximas Reuni\u00f5es<\/strong>\/<\/td>\n<td style=\"text-align: center; vertical-align: middle;\"><a href=\"https:\/\/www.interciencia.net\/wp-content\/uploads\/2017\/10\/138-Reuniones-venideras.pdf\" target=\"_blank\" rel=\"noopener\">138<\/a><\/td>\n<\/tr>\n<\/tbody>\n<\/table>\n","protected":false},"excerpt":{"rendered":"<p>\/Editorial\/ Miguel Laufer DESPREZO PELA CI\u00caNCIA 83 \u00a0\/Artigos\/ Aline Reyes-D\u00edaz, Aar\u00f3n F. Gonz\u00e1lez-C\u00f3rdova, Adri\u00e1n Hern\u00e1ndez-Mendoza e Belinda Vallejo-Cordoba PEPT\u00cdDEOS IMUNOMODULADORES DERIVADOS DAS PROTE\u00cdNAS DO LEITE (em espanhol) 84 Diego Andr\u00e9s Gonz\u00e1lez Carrasco e Ana Mar\u00eda Carrasco Guti\u00e9rrez O PATIO, ESPA\u00c7O MEDIADOR. CARACTER\u00cdSTICAS DO VIVER TRADICIONAL RURAL AYMARA, PRESENTES EM MORADIAS SOCIAIS DE FAMILIAS RESIDENTES EM [&hellip;]<\/p>\n","protected":false},"author":1,"featured_media":0,"comment_status":"closed","ping_status":"open","sticky":false,"template":"","format":"standard","meta":[],"categories":[340],"tags":[],"_links":{"self":[{"href":"https:\/\/www.interciencia.net\/pt\/wp-json\/wp\/v2\/posts\/3289"}],"collection":[{"href":"https:\/\/www.interciencia.net\/pt\/wp-json\/wp\/v2\/posts"}],"about":[{"href":"https:\/\/www.interciencia.net\/pt\/wp-json\/wp\/v2\/types\/post"}],"author":[{"embeddable":true,"href":"https:\/\/www.interciencia.net\/pt\/wp-json\/wp\/v2\/users\/1"}],"replies":[{"embeddable":true,"href":"https:\/\/www.interciencia.net\/pt\/wp-json\/wp\/v2\/comments?post=3289"}],"version-history":[{"count":3,"href":"https:\/\/www.interciencia.net\/pt\/wp-json\/wp\/v2\/posts\/3289\/revisions"}],"predecessor-version":[{"id":3891,"href":"https:\/\/www.interciencia.net\/pt\/wp-json\/wp\/v2\/posts\/3289\/revisions\/3891"}],"wp:attachment":[{"href":"https:\/\/www.interciencia.net\/pt\/wp-json\/wp\/v2\/media?parent=3289"}],"wp:term":[{"taxonomy":"category","embeddable":true,"href":"https:\/\/www.interciencia.net\/pt\/wp-json\/wp\/v2\/categories?post=3289"},{"taxonomy":"post_tag","embeddable":true,"href":"https:\/\/www.interciencia.net\/pt\/wp-json\/wp\/v2\/tags?post=3289"}],"curies":[{"name":"wp","href":"https:\/\/api.w.org\/{rel}","templated":true}]}}