{"id":3261,"date":"2016-01-10T21:02:58","date_gmt":"2016-01-10T21:02:58","guid":{"rendered":"https:\/\/www.interciencia.net\/pt\/?p=3261"},"modified":"2018-01-16T03:23:50","modified_gmt":"2018-01-16T03:23:50","slug":"edicao-1","status":"publish","type":"post","link":"https:\/\/www.interciencia.net\/pt\/volume-41\/edicao-1\/","title":{"rendered":"Volume 41 Edi\u00e7\u00e3o 01"},"content":{"rendered":"<table width=\"100%\">\n<tbody>\n<tr>\n<td colspan=\"2\"><strong>\/Editorial\/<\/strong><\/td>\n<\/tr>\n<tr>\n<td>\n<p class=\"small\">Alejandra Caqueo-Ur\u00edzar<\/p>\n<p>O SIGNIFICADO DOS P\u00d3S-DOUTORADOS<\/td>\n<td style=\"text-align: center; vertical-align: middle;\" width=\"20%\"><a href=\"https:\/\/www.interciencia.net\/pt\/files\/2017\/10\/7-editorial-pt-41-1.pdf\" target=\"_blank\" rel=\"noopener\">7<\/a><\/td>\n<\/tr>\n<tr>\n<td colspan=\"2\">\u00a0<strong>\/Artigos\/<\/strong><\/td>\n<\/tr>\n<tr>\n<td>\n<p class=\"small\">Juan Ricardo Bauer Mengelberg, Abel Quevedo Nolasco y Marco Antonio Deheza Meraz<\/p>\n<p>GRRIDES: UM PACOTE DE SOFTWARE PARA COMPARTILHAR TRASLADOS (em espanhol)<\/td>\n<td style=\"text-align: center; vertical-align: middle;\"><a href=\"https:\/\/www.interciencia.net\/wp-content\/uploads\/2017\/10\/8-BAUER-40-1.pdf\" target=\"_blank\" rel=\"noopener\">8<\/a><\/td>\n<\/tr>\n<tr>\n<td>\n<p class=\"small\">Romina Llanos, Mar\u00eda Bel\u00e9n Llanos y Alejandro Travaini<\/p>\n<p>O QUE V\u00ca QUANDO VOC\u00ca ME V\u00ca? AON\u00c7A-PARDA <em>(Puma concolor)<\/em> ESUA REPRESENTA\u00c7\u00c3O NOS MEIOS DE IMPRENSA ESCRITA DA PATAG\u00d4NIA ARGENTINA (em espanhol)<\/td>\n<td style=\"text-align: center; vertical-align: middle;\"><a href=\"https:\/\/www.interciencia.net\/wp-content\/uploads\/2017\/10\/16-LLANOS-41-1.pdf\" target=\"_blank\" rel=\"noopener\">16<\/a><\/td>\n<\/tr>\n<tr>\n<td>\n<p class=\"small\">Emanoel Marcos Lima y Jessica de Morais Lima<\/p>\n<p>O TRATAMENTO DIFERENCIADO DISPENSADO \u00c0S MICRO E PEQUENAS EMPRESAS PELA CONSTITUI\u00c7\u00c3O FEDERAL DO BRASIL (em portugu\u00eas)<\/td>\n<td style=\"text-align: center; vertical-align: middle;\"><a href=\"https:\/\/www.interciencia.net\/wp-content\/uploads\/2017\/10\/23-LIMA-41-1.pdf\" target=\"_blank\" rel=\"noopener\">23<\/a><\/td>\n<\/tr>\n<tr>\n<td colspan=\"2\"><strong><strong>\/<\/strong><\/strong><strong>Comunica\u00e7\u00f5es\/<\/strong><\/td>\n<\/tr>\n<tr>\n<td>\n<p class=\"small\">Omar Espinoza-Navarro, Camilo Arriaza, Carlos Cereceda y H\u00e9ctor Rodr\u00edguez Bustos<\/p>\n<p>CIPERMETRINA INDUZ ALTERA\u00c7\u00d5 ES NOS T\u00daBULOS SEMIN\u00cdFEROS DE <em>Dugesia gonocephala,<\/em> MACRO INVERTEBRADO PROVENIENTE DO ALTIPLANO CHILENO (em ingl\u00eas)<\/td>\n<td style=\"text-align: center; vertical-align: middle;\"><a href=\"https:\/\/www.interciencia.net\/wp-content\/uploads\/2017\/10\/29-Espinoza-40-1.pdf\" target=\"_blank\" rel=\"noopener\">29<\/a><\/td>\n<\/tr>\n<tr>\n<td>\n<p class=\"small\">Andressa M\u00fcller, Simone Cunha, Fernando Junges y Jairo Lizandro Schmitt<\/p>\n<p>EFEITOS CLIM\u00c1TICOS SOBRE A FENOLOGIA DE <em>Lindsaea lancea<\/em> (L.) Bedd. (LINDSAEACEAE) EM FRAGMENTO DE FLORESTA ATL\u00c2NTICA NO SUL DO BRASIL (em portugu\u00eas)<\/td>\n<td style=\"text-align: center; vertical-align: middle;\"><a href=\"https:\/\/www.interciencia.net\/wp-content\/uploads\/2017\/10\/34-SCHMITT-40-1.pdf\" target=\"_blank\" rel=\"noopener\">34<\/a><\/td>\n<\/tr>\n<tr>\n<td>\n<p class=\"small\">Rudy Sol\u00eds Silv\u00e1n, Gaspar L\u00f3pez Oca\u00f1a, Ra\u00fal Germ\u00e1n Bautista Margulis, Jos\u00e9 Roberto Hern\u00e1ndez Barajas y Mario Jos\u00e9 Romell\u00f3n Cerino<\/p>\n<p>AVALIA\u00c7\u00c3O DE HUMEDA IS ARTIFICIAIS DE FLUXO LIVRE E SUBSUPERFICIAL NA REMO\u00c7\u00c3O DE CONTAMINANTES DE \u00c1GUAS RESIDUAIS UTILIZANDO DIFERENTES ESP\u00c9CIES DE VEGETA\u00c7\u00c3O MACR\u00d3FITA (em espanhol)<\/td>\n<td style=\"text-align: center; vertical-align: middle;\">\u00a0<a href=\"https:\/\/www.interciencia.net\/wp-content\/uploads\/2017\/10\/40-LOPEZ-41-1.pdf\" target=\"_blank\" rel=\"noopener\">40<\/a><\/td>\n<\/tr>\n<tr>\n<td>\n<p class=\"small\">Gilberto Rodr\u00edguez-P\u00e9rez, Francisco Zavala-Garc\u00eda, Jos\u00e9 El\u00edas Trevi\u00f1o-Ram\u00edrez, Carmen Ojeda-Zacar\u00edas, Mariano Mendoza-Elos, Sergio Alfredo Rodr\u00edguez-Herrera y Francisco Cervantes-Ortiz<\/p>\n<p>CAPACIDADE COMBINAT\u00d3RIA E HETEROSE ENTRE LINHAS DE DOIS TIPOS DE MILHO PARA GR\u00c3O (em espanhol)<\/td>\n<td style=\"text-align: center; vertical-align: middle;\"><a href=\"https:\/\/www.interciencia.net\/wp-content\/uploads\/2017\/10\/48-RODRIGUEZ-41-1.pdf\" target=\"_blank\" rel=\"noopener\">48<\/a><\/td>\n<\/tr>\n<tr>\n<td>\n<p class=\"small\">Diego Felipe Tirado, Diofanor Acevedo y Piedad Margarita Montero<\/p>\n<p>CARACTER\u00cdSTICAS COMPOSICIONALES, MICROBIOL\u00d3GICAS E DE TEXTURA DA \u2018SALSICH\u00c3O CERVEJEIRO\u2019 COMERCIALIZADO EM CARTAGENA, COL\u00d4MBIA (em espanhol)<\/td>\n<td style=\"text-align: center; vertical-align: middle;\">\u00a0<a href=\"https:\/\/www.interciencia.net\/wp-content\/uploads\/2017\/10\/55-TIRADO-41-1.pdf\" target=\"_blank\" rel=\"noopener\">55<\/a><\/td>\n<\/tr>\n<tr>\n<td>\n<p class=\"small\">C\u00e9sar San-Mart\u00edn-Hern\u00e1ndez, Libia I. Trejo-T\u00e9llez, Fernando C. G\u00f3mez-Merino, V\u00edctor H. Volke-Haller, Jos\u00e9 Alberto EscalanteEstrada, Prometeo S\u00e1nchez-Garc\u00eda y Crescenciano Saucedo-Veloz<\/p>\n<p>NUTRI\u00c7\u00c3O DIFERENCIADA UTILIZANDO NITROGENIO E POT\u00c1SSIO AFETA O CRESCIMENTO E A BIOMASSA EM TOMATEIROS (em ingl\u00eas)<\/td>\n<td style=\"text-align: center; vertical-align: middle;\"><a href=\"https:\/\/www.interciencia.net\/wp-content\/uploads\/2017\/10\/60-TREJO-41-1.pdf\" target=\"_blank\" rel=\"noopener\">60<\/a><\/td>\n<\/tr>\n<tr>\n<td>\n<p class=\"small\">Gabriel Nachtigall Marques, Roberta Marins Nogueira Peil, Fernanda Carini, Douglas Schulz Bergmann da Rosa y Isabel Lago<\/p>\n<p>AN\u00c1LISE DO CRESCIMENTO DE GEN\u00d3TIPOS DE MINIMELANCIA EM HIDROPONIA (em portugu\u00eas)<\/td>\n<td style=\"text-align: center; vertical-align: middle;\"><a href=\"https:\/\/www.interciencia.net\/wp-content\/uploads\/2017\/10\/67-MARQUES-41-1.pdf\" target=\"_blank\" rel=\"noopener\">67<\/a><\/td>\n<\/tr>\n<\/tbody>\n<\/table>\n","protected":false},"excerpt":{"rendered":"<p>\/Editorial\/ Alejandra Caqueo-Ur\u00edzar O SIGNIFICADO DOS P\u00d3S-DOUTORADOS 7 \u00a0\/Artigos\/ Juan Ricardo Bauer Mengelberg, Abel Quevedo Nolasco y Marco Antonio Deheza Meraz GRRIDES: UM PACOTE DE SOFTWARE PARA COMPARTILHAR TRASLADOS (em espanhol) 8 Romina Llanos, Mar\u00eda Bel\u00e9n Llanos y Alejandro Travaini O QUE V\u00ca QUANDO VOC\u00ca ME V\u00ca? AON\u00c7A-PARDA (Puma concolor) ESUA REPRESENTA\u00c7\u00c3O NOS MEIOS DE [&hellip;]<\/p>\n","protected":false},"author":1,"featured_media":0,"comment_status":"closed","ping_status":"open","sticky":false,"template":"","format":"standard","meta":[],"categories":[340],"tags":[],"_links":{"self":[{"href":"https:\/\/www.interciencia.net\/pt\/wp-json\/wp\/v2\/posts\/3261"}],"collection":[{"href":"https:\/\/www.interciencia.net\/pt\/wp-json\/wp\/v2\/posts"}],"about":[{"href":"https:\/\/www.interciencia.net\/pt\/wp-json\/wp\/v2\/types\/post"}],"author":[{"embeddable":true,"href":"https:\/\/www.interciencia.net\/pt\/wp-json\/wp\/v2\/users\/1"}],"replies":[{"embeddable":true,"href":"https:\/\/www.interciencia.net\/pt\/wp-json\/wp\/v2\/comments?post=3261"}],"version-history":[{"count":4,"href":"https:\/\/www.interciencia.net\/pt\/wp-json\/wp\/v2\/posts\/3261\/revisions"}],"predecessor-version":[{"id":3892,"href":"https:\/\/www.interciencia.net\/pt\/wp-json\/wp\/v2\/posts\/3261\/revisions\/3892"}],"wp:attachment":[{"href":"https:\/\/www.interciencia.net\/pt\/wp-json\/wp\/v2\/media?parent=3261"}],"wp:term":[{"taxonomy":"category","embeddable":true,"href":"https:\/\/www.interciencia.net\/pt\/wp-json\/wp\/v2\/categories?post=3261"},{"taxonomy":"post_tag","embeddable":true,"href":"https:\/\/www.interciencia.net\/pt\/wp-json\/wp\/v2\/tags?post=3261"}],"curies":[{"name":"wp","href":"https:\/\/api.w.org\/{rel}","templated":true}]}}