{"id":3254,"date":"2016-04-10T03:25:19","date_gmt":"2016-04-10T03:25:19","guid":{"rendered":"https:\/\/www.interciencia.net\/pt\/?p=3254"},"modified":"2018-01-16T03:23:29","modified_gmt":"2018-01-16T03:23:29","slug":"edicao-4","status":"publish","type":"post","link":"https:\/\/www.interciencia.net\/pt\/volume-41\/edicao-4\/","title":{"rendered":"Volume 41 Edi\u00e7\u00e3o 04"},"content":{"rendered":"<table width=\"100%\">\n<tbody>\n<tr>\n<td colspan=\"2\"><strong>\/Editorial\/<\/strong><\/td>\n<\/tr>\n<tr>\n<td>\n<p class=\"small\">Miguel Laufer<\/p>\n<p>ONDE ESTAMOS E PARA ONDE VAMOS<\/td>\n<td style=\"text-align: center; vertical-align: middle;\" width=\"20%\"><a href=\"https:\/\/www.interciencia.net\/pt\/files\/2017\/10\/227-editorial-pt.pdf\" target=\"_blank\" rel=\"noopener\">227<\/a><\/td>\n<\/tr>\n<tr>\n<td colspan=\"2\">\u00a0<strong>\/Artigos\/<\/strong><\/td>\n<\/tr>\n<tr>\n<td>\n<p class=\"small\">Emilio Rodr\u00edguez-Ponce<\/p>\n<p>ESTUDO EXPLORAT\u00d3RIO DO IMPACTO DA GEST\u00c3O DO CONHECIMENTO NA QUALIDADE DAS UNIVERSIDADES (em espanhol)<\/td>\n<td style=\"text-align: center; vertical-align: middle;\"><a href=\"https:\/\/www.interciencia.net\/wp-content\/uploads\/2017\/10\/228-A-RODRIGUEZ-41_47.pdf\" target=\"_blank\" rel=\"noopener\">228<\/a><\/td>\n<\/tr>\n<tr>\n<td>\n<p class=\"small\">Giobertti Morantes, Narciso P\u00e9rez, Rafael Santana e Gladys Rinc\u00f3n<\/p>\n<p>REVIS\u00c3O DE INSTRUMENTOS NORMATIVOS DA QUALIDADE DO AR E SISTEMAS DE MONITORAMENTO ATMOSF\u00c9RICO: AM\u00c9RICA LATINA E O CARIBE (em espanhol)<\/td>\n<td style=\"text-align: center; vertical-align: middle;\"><a href=\"https:\/\/www.interciencia.net\/wp-content\/uploads\/2017\/10\/235-A-RINCON-41_48.pdf\" target=\"_blank\" rel=\"noopener\">235<\/a><\/td>\n<\/tr>\n<tr>\n<td colspan=\"2\"><strong>\/Comunica\u00e7\u00f5es\/<\/strong><\/td>\n<\/tr>\n<tr>\n<td>\n<p class=\"small\">Carin Guarda, Junir Antonio Lutinski, Walter Ant\u00f4nio Roman-Junior e Maria Assunta Busato<\/p>\n<p>ATIVIDADE LARVICIDA DE PRODUTOS NATURAIS E AVALIA\u00c7\u00c3O DA SUSCEPTIBILIDADE AO INSETICIDA TEMEF\u00d3S NO CONTROLE DO <em>Aedes aegypti<\/em> (DIPTERA: CULICIDAE) (em portugu\u00eas)<\/td>\n<td style=\"text-align: center; vertical-align: middle;\"><a href=\"https:\/\/www.interciencia.net\/wp-content\/uploads\/2017\/10\/243-comuBUSATO-41_45.pdf\" target=\"_blank\" rel=\"noopener\">243<\/a><\/td>\n<\/tr>\n<tr>\n<td>\n<p class=\"small\">Ang\u00e9lica Valeria Lorenzana Moreno, Rey Guti\u00e9rrez Tolentino, Luis Corona Gochi, Rub\u00e9n Dar\u00edo Mart\u00ednez Rojero, Francisco Alejandro Castrej\u00f3n Pineda e Salvador Vega y Le\u00f3n<\/p>\n<p>EFEITO DA ALIMENTA\u00c7\u00c3O COM <em>Pithecellobium dulce<\/em> NO PERFIL DE \u00c1CIDOS GRAXOS DO LEITE DE CABRAS AUT\u00d3CTONES (em espanhol)<\/td>\n<td style=\"text-align: center; vertical-align: middle;\"><a href=\"https:\/\/www.interciencia.net\/wp-content\/uploads\/2017\/10\/248-comuLORENZANA-41_46.pdf\" target=\"_blank\" rel=\"noopener\">248<\/a><\/td>\n<\/tr>\n<tr>\n<td>\n<p class=\"small\">Raoni Wainer Duarte Bosquilia, Peterson Ricardo Fiorio, Sergio Nascimento Duarte e Pedro Paulo Da Silva Barros<\/p>\n<p>DIFERENTES IMAGENS DE SAT\u00c9LITE NO MAPEAMENTO VISUAL DE DRENAGENS E NASCENTES EM AMOSTRAS CIRCULARES (em portugu\u00eas)<\/td>\n<td style=\"text-align: center; vertical-align: middle;\"><a href=\"https:\/\/www.interciencia.net\/wp-content\/uploads\/2017\/10\/254-comuBOSQUILIA-41_46.pdf\" target=\"_blank\" rel=\"noopener\">254<\/a><\/td>\n<\/tr>\n<tr>\n<td>\n<p class=\"small\">Rolando Rueda-Luna, Jenaro Reyes-Matamoros, Mar\u00eda del Consuelo Flores-Y\u00e1\u00f1ez, Miriam Romero-Hern\u00e1ndez e Jos\u00e9 V\u00edctor Tamariz-Flores<\/p>\n<p>EFEITO DA RELA\u00c7\u00c3O N\/K NA PRODUTIVIDADE E QUALIDADE DO GERBERA PARA O CORTE DE FLOR (em espanhol)<\/td>\n<td style=\"text-align: center; vertical-align: middle;\"><a href=\"https:\/\/www.interciencia.net\/wp-content\/uploads\/2017\/10\/260-comuR-MATAMOROS-41_46.pdf\" target=\"_blank\" rel=\"noopener\">260<\/a><\/td>\n<\/tr>\n<tr>\n<td>\n<p class=\"small\">Alejandro Ismael Monterroso-Rivas, Ad\u00e1n Guillermo Ram\u00edrez-Garc\u00eda, Jes\u00fas David G\u00f3mez-D\u00edaz, Yolanda Vel\u00e1zquez-Ju\u00e1rez e Roberto Rend\u00f3n-Medel<\/p>\n<p>MUDAN\u00c7A NA DISPONIBILIDADE H\u00cdDRICA FUTURA EM UM BOSQUE MES\u00d3FILO DE MONTANHA DO M\u00c9XICO (em espanhol)<\/td>\n<td style=\"text-align: center; vertical-align: middle;\"><a href=\"https:\/\/www.interciencia.net\/wp-content\/uploads\/2017\/10\/266-comuMONTERROSO-41_47.pdf\" target=\"_blank\" rel=\"noopener\">266<\/a><\/td>\n<\/tr>\n<tr>\n<td>\n<p class=\"small\">Elizabeth Olivares, Francisco Herrera, Guillermina Aguiar, Eder Pe\u00f1a, Maribel Ramos e Carlos M\u00e9ndez<\/p>\n<p>COMPARA\u00c7\u00c2O DA NUTRI\u00c7\u00c2O MINERAL DAS SAMAMBAIAS <em>Cyathea aurea, C. delgadii, Dicranopteris flexuosa<\/em> E <em>Pteridium arachnoideum<\/em> EM \u201cLA GRAN SABANA\u201d, VENEZUELA (em espanhol)<\/td>\n<td style=\"text-align: center; vertical-align: middle;\"><a href=\"https:\/\/www.interciencia.net\/wp-content\/uploads\/2017\/10\/273-comuOLIVARES-41_411.pdf\" target=\"_blank\" rel=\"noopener\">273<\/a><\/td>\n<\/tr>\n<tr>\n<td colspan=\"2\"><strong>\/Publica\u00e7oes\/<\/strong><\/td>\n<\/tr>\n<tr>\n<td>GOBERNANZA UNIVERSITARIA: APORTES DESDE UNA PERSPECTIVA LATINOAMERICANA<\/p>\n<p class=\"small\">Francisco Ganga e Juan Abello<br \/>\nRevision de Emilio Rodr\u00edguez Ponce (em espanhol)<\/p>\n<\/td>\n<td style=\"text-align: center; vertical-align: middle;\"><a href=\"https:\/\/www.interciencia.net\/wp-content\/uploads\/2017\/10\/284-CRITICA-DE-LIBROS-41_42.pdf\" target=\"_blank\" rel=\"noopener\">284<\/a><\/td>\n<\/tr>\n<tr>\n<td>\/<strong>Pr\u00f3ximas Reuni\u00f5es<\/strong>\/<\/td>\n<td style=\"text-align: center; vertical-align: middle;\"><a href=\"https:\/\/www.interciencia.net\/wp-content\/uploads\/2017\/10\/286-reuniones-venideras-41_42.pdf\" target=\"_blank\" rel=\"noopener\">286<\/a><\/td>\n<\/tr>\n<\/tbody>\n<\/table>\n","protected":false},"excerpt":{"rendered":"<p>\/Editorial\/ Miguel Laufer ONDE ESTAMOS E PARA ONDE VAMOS 227 \u00a0\/Artigos\/ Emilio Rodr\u00edguez-Ponce ESTUDO EXPLORAT\u00d3RIO DO IMPACTO DA GEST\u00c3O DO CONHECIMENTO NA QUALIDADE DAS UNIVERSIDADES (em espanhol) 228 Giobertti Morantes, Narciso P\u00e9rez, Rafael Santana e Gladys Rinc\u00f3n REVIS\u00c3O DE INSTRUMENTOS NORMATIVOS DA QUALIDADE DO AR E SISTEMAS DE MONITORAMENTO ATMOSF\u00c9RICO: AM\u00c9RICA LATINA E O CARIBE [&hellip;]<\/p>\n","protected":false},"author":1,"featured_media":0,"comment_status":"closed","ping_status":"open","sticky":false,"template":"","format":"standard","meta":[],"categories":[340],"tags":[],"_links":{"self":[{"href":"https:\/\/www.interciencia.net\/pt\/wp-json\/wp\/v2\/posts\/3254"}],"collection":[{"href":"https:\/\/www.interciencia.net\/pt\/wp-json\/wp\/v2\/posts"}],"about":[{"href":"https:\/\/www.interciencia.net\/pt\/wp-json\/wp\/v2\/types\/post"}],"author":[{"embeddable":true,"href":"https:\/\/www.interciencia.net\/pt\/wp-json\/wp\/v2\/users\/1"}],"replies":[{"embeddable":true,"href":"https:\/\/www.interciencia.net\/pt\/wp-json\/wp\/v2\/comments?post=3254"}],"version-history":[{"count":3,"href":"https:\/\/www.interciencia.net\/pt\/wp-json\/wp\/v2\/posts\/3254\/revisions"}],"predecessor-version":[{"id":3889,"href":"https:\/\/www.interciencia.net\/pt\/wp-json\/wp\/v2\/posts\/3254\/revisions\/3889"}],"wp:attachment":[{"href":"https:\/\/www.interciencia.net\/pt\/wp-json\/wp\/v2\/media?parent=3254"}],"wp:term":[{"taxonomy":"category","embeddable":true,"href":"https:\/\/www.interciencia.net\/pt\/wp-json\/wp\/v2\/categories?post=3254"},{"taxonomy":"post_tag","embeddable":true,"href":"https:\/\/www.interciencia.net\/pt\/wp-json\/wp\/v2\/tags?post=3254"}],"curies":[{"name":"wp","href":"https:\/\/api.w.org\/{rel}","templated":true}]}}