{"id":3238,"date":"2016-06-10T12:22:36","date_gmt":"2016-06-10T12:22:36","guid":{"rendered":"https:\/\/www.interciencia.net\/pt\/?p=3238"},"modified":"2018-01-16T03:23:15","modified_gmt":"2018-01-16T03:23:15","slug":"edicao-6","status":"publish","type":"post","link":"https:\/\/www.interciencia.net\/pt\/volume-41\/edicao-6\/","title":{"rendered":"Volume 41 edi\u00e7\u00e3o 06"},"content":{"rendered":"<table width=\"100%\">\n<tbody>\n<tr>\n<td colspan=\"2\"><strong>\/Editorial\/<\/strong><\/td>\n<\/tr>\n<tr>\n<td>\n<p class=\"small\">Emilio Rodr\u00edguez-Ponce<\/p>\n<p>PRINCIPAIS RISCOS DO PROCESSO DE TOMADA DE DECIS\u00d5ES ESTRAT\u00c9GICAS NAS UNIVERSIDADES<\/td>\n<td style=\"text-align: center; vertical-align: middle;\" width=\"20%\"><a href=\"https:\/\/www.interciencia.net\/pt\/files\/2017\/10\/375-editorial-pt-41-06.pdf\" target=\"_blank\" rel=\"noopener\">375<\/a><\/td>\n<\/tr>\n<tr>\n<td colspan=\"2\">\u00a0<strong>\/Artigos\/<\/strong><\/td>\n<\/tr>\n<tr>\n<td>\n<p class=\"small\">Jos\u00e9 Alberto Garc\u00eda-Salazar, Rhonda K. Skaggs y Mercedes Borja-Bravo<\/p>\n<p>IDENTIFICA\u00c7\u00c3O DAS REGI\u00d5ES PRODUTORAS DE MILHO MAIS COMPETITIVAS NO M\u00c9XICO BASEADA NA LOG\u00cdSTICA E NO CONSUMO (em espanhol)<\/td>\n<td style=\"text-align: center; vertical-align: middle;\"><a href=\"https:\/\/www.interciencia.net\/wp-content\/uploads\/2017\/10\/376-BORJA-41-6.pdf\" target=\"_blank\" rel=\"noopener\">376<\/a><\/td>\n<\/tr>\n<tr>\n<td>\n<p class=\"small\">H\u00e9ctor Ulises Bernardino Hern\u00e1ndez, Ram\u00f3n Mariaca M\u00e9ndez, Austreberta Nazar Beutelspacher, Jos\u00e9 David \u00c1lvarez Sol\u00eds, Arturo Torres Dosal y Crisp\u00edn Herrera Portugal<\/p>\n<p>FATORES S\u00d3CIOECON\u00d3MICOS E TECNOL\u00d3GICOS NO USO DE AGROQU\u00cdMICOS EM TR\u00caS SISTEMAS DE CULTIVO NOS ALTOS DE CHIAPAS, M\u00c9XICO (em espanhol)<\/td>\n<td style=\"text-align: center; vertical-align: middle;\"><a href=\"https:\/\/www.interciencia.net\/wp-content\/uploads\/2017\/10\/382-BERNARDINO-41-6.pdf\" target=\"_blank\" rel=\"noopener\">382<\/a><\/td>\n<\/tr>\n<tr>\n<td>\n<p class=\"small\">Karoline Ceron, Aline Votri Guislon, Samara Fenilli Bristot, Humberto De Bona Martins, Guilherme Alves Elias, Robson dos Santos, Patr\u00edcia de Aguiar Amaral y Vanilde Citadini-Zanette<\/p>\n<p>POTENCIAL MEDICINAL E ALIMENT\u00cdCIO DA VEGETA\u00c7\u00c3O HERB\u00c1CEA TERR\u00cdCOLA CILIAR NO SUL DO BRASIL (em portugu\u00eas)<\/td>\n<td style=\"text-align: center; vertical-align: middle;\"><a href=\"https:\/\/www.interciencia.net\/wp-content\/uploads\/2017\/10\/393-CERON-41-6.pdf\" target=\"_blank\" rel=\"noopener\">393<\/a><\/td>\n<\/tr>\n<tr>\n<td>\n<p class=\"small\">Liliana Pedraja-Rejas, Emilio Rodr\u00edguez-Ponce, Patricio Rodr\u00edguez Mardones, Francisco Ganga Contreras y Francisco Villegas Villegas<\/p>\n<p>DETERMINANTES DO GRAU DESATISFA\u00c7\u00c3O DOS ESTUDANTES EM SEUS COL\u00c9GIOS: UM ESTUDO EXPLORAT\u00d3RIO DESDE CHILE (em espanhol)<\/td>\n<td style=\"text-align: center; vertical-align: middle;\"><a href=\"https:\/\/www.interciencia.net\/wp-content\/uploads\/2017\/10\/401-PEDRAJA-41-6.pdf\" target=\"_blank\" rel=\"noopener\">401<\/a><\/td>\n<\/tr>\n<tr>\n<td colspan=\"2\"><strong>\/Comunica\u00e7\u00f5es\/<\/strong><\/td>\n<\/tr>\n<tr>\n<td>\n<p class=\"small\">No\u00e9 Dur\u00e1n Puga, Jos\u00e9 Ariel Ruiz Corral, Diego Raymundo Gonz\u00e1lez Eguiarte, Salvador Mena Mungu\u00eda y Guillermo Orozco de Rosas<\/p>\n<p>MUDAN\u00c7A CLIMATICA E SEU IMPACTO SOBRE A APTID\u00c3O AMBIENTAL E DISTRIBUI\u00c7\u00c3O GEOGR\u00c1FICA DE <em>Salvia hispanica L.<\/em> NO M\u00c9XICO (em espanhol)<\/td>\n<td style=\"text-align: center; vertical-align: middle;\"><a href=\"https:\/\/www.interciencia.net\/wp-content\/uploads\/2017\/10\/407-RUIZ-41-6.pdf\" target=\"_blank\" rel=\"noopener\">407<\/a><\/td>\n<\/tr>\n<tr>\n<td>\n<p class=\"small\">Lizbeth Salgado Beltr\u00e1n, Brenda Bravo D\u00edaz y Dena Mar\u00eda Camarena G\u00f3mez<\/p>\n<p>ADO\u00c7\u00c3O DE NOVOS PRODUTOS COM DESENHOSUSTENT\u00c1VEL: O CASO DO MOLHO DE GUACAMOLE (em espanhol)<\/td>\n<td style=\"text-align: center; vertical-align: middle;\"><a href=\"https:\/\/www.interciencia.net\/wp-content\/uploads\/2017\/10\/414-SALGADO-41-6.pdf\" target=\"_blank\" rel=\"noopener\">414<\/a><\/td>\n<\/tr>\n<tr>\n<td>\n<p class=\"small\">V\u00edctor P\u00e9rez-Moreno, Miguel \u00c1ngel Ramos-L\u00f3pez, Carlos Eduardo Zavala-G\u00f3mez y Miguel \u00c1ngel Rico Rodr\u00edguez<\/p>\n<p>METAIS PESADOS NA \u00c1GUA DO MAR AO LONGO DA COSTA PAC\u00cdFICA DO M\u00c9XICO (em ingl\u00eas)<\/td>\n<td style=\"text-align: center; vertical-align: middle;\"><a href=\"https:\/\/www.interciencia.net\/wp-content\/uploads\/2017\/10\/419-PEREZ-41-6.pdf\" target=\"_blank\" rel=\"noopener\">419<\/a><\/td>\n<\/tr>\n<tr>\n<td>\n<p class=\"small\">Adriana Rosal\u00eda Gij\u00f3n-Hern\u00e1ndez, Daniel T\u00e9liz-Ortiz, Carlos De Le\u00f3n Garc\u00eda-De Alba, Hilda Victoria Silva-Rojas, Rodolfo De la Torre-Almaraz y Dimas Mej\u00eda-S\u00e1nchez<\/p>\n<p>MANCHA FOLIAR DO MILHO CAUSADO POR <em>Acidovorax avenae subsp. avenae<\/em> EM VERACRUZ, M\u00c9XICO (em espanhol)<\/td>\n<td style=\"text-align: center; vertical-align: middle;\"><a href=\"https:\/\/www.interciencia.net\/wp-content\/uploads\/2017\/10\/424-GIJON-41-6.pdf\" target=\"_blank\" rel=\"noopener\">424<\/a><\/td>\n<\/tr>\n<tr>\n<td>\n<p class=\"small\">Gabino A. Mart\u00ednez-Guti\u00e9rrez, Lenin Nicol\u00e1s-Santana, Yolanda D. Ortiz-Hern\u00e1ndez, Isidro Morales y German F. Guti\u00e9rrez-Hern\u00e1ndez<\/p>\n<p>CRESCIMENTO E CONTE\u00daDO DE \u00d3LEO NO MANJERIC\u00c3O (Ocimum basilicum L.) SOB TELAS SOMBREAMENTO COLORIDAS (em espanhol)<\/td>\n<td style=\"text-align: center; vertical-align: middle;\"><a href=\"https:\/\/www.interciencia.net\/wp-content\/uploads\/2017\/10\/428-MARTINEZ-41-6.pdf\" target=\"_blank\" rel=\"noopener\">428<\/a><\/td>\n<\/tr>\n<\/tbody>\n<\/table>\n","protected":false},"excerpt":{"rendered":"<p>\/Editorial\/ Emilio Rodr\u00edguez-Ponce PRINCIPAIS RISCOS DO PROCESSO DE TOMADA DE DECIS\u00d5ES ESTRAT\u00c9GICAS NAS UNIVERSIDADES 375 \u00a0\/Artigos\/ Jos\u00e9 Alberto Garc\u00eda-Salazar, Rhonda K. Skaggs y Mercedes Borja-Bravo IDENTIFICA\u00c7\u00c3O DAS REGI\u00d5ES PRODUTORAS DE MILHO MAIS COMPETITIVAS NO M\u00c9XICO BASEADA NA LOG\u00cdSTICA E NO CONSUMO (em espanhol) 376 H\u00e9ctor Ulises Bernardino Hern\u00e1ndez, Ram\u00f3n Mariaca M\u00e9ndez, Austreberta Nazar Beutelspacher, Jos\u00e9 [&hellip;]<\/p>\n","protected":false},"author":1,"featured_media":0,"comment_status":"closed","ping_status":"open","sticky":false,"template":"","format":"standard","meta":[],"categories":[340],"tags":[],"_links":{"self":[{"href":"https:\/\/www.interciencia.net\/pt\/wp-json\/wp\/v2\/posts\/3238"}],"collection":[{"href":"https:\/\/www.interciencia.net\/pt\/wp-json\/wp\/v2\/posts"}],"about":[{"href":"https:\/\/www.interciencia.net\/pt\/wp-json\/wp\/v2\/types\/post"}],"author":[{"embeddable":true,"href":"https:\/\/www.interciencia.net\/pt\/wp-json\/wp\/v2\/users\/1"}],"replies":[{"embeddable":true,"href":"https:\/\/www.interciencia.net\/pt\/wp-json\/wp\/v2\/comments?post=3238"}],"version-history":[{"count":4,"href":"https:\/\/www.interciencia.net\/pt\/wp-json\/wp\/v2\/posts\/3238\/revisions"}],"predecessor-version":[{"id":3887,"href":"https:\/\/www.interciencia.net\/pt\/wp-json\/wp\/v2\/posts\/3238\/revisions\/3887"}],"wp:attachment":[{"href":"https:\/\/www.interciencia.net\/pt\/wp-json\/wp\/v2\/media?parent=3238"}],"wp:term":[{"taxonomy":"category","embeddable":true,"href":"https:\/\/www.interciencia.net\/pt\/wp-json\/wp\/v2\/categories?post=3238"},{"taxonomy":"post_tag","embeddable":true,"href":"https:\/\/www.interciencia.net\/pt\/wp-json\/wp\/v2\/tags?post=3238"}],"curies":[{"name":"wp","href":"https:\/\/api.w.org\/{rel}","templated":true}]}}