{"id":2933,"date":"2017-03-26T11:38:13","date_gmt":"2017-03-26T11:38:13","guid":{"rendered":"https:\/\/www.interciencia.net\/pt\/?p=2933"},"modified":"2018-08-08T11:18:30","modified_gmt":"2018-08-08T11:18:30","slug":"numero-03","status":"publish","type":"post","link":"https:\/\/www.interciencia.net\/pt\/volume-42\/numero-03\/","title":{"rendered":"Volume 42 Edi\u00e7\u00e3o 03"},"content":{"rendered":"<table width=\"100%\">\n<tbody>\n<tr>\n<td colspan=\"2\"><strong>\/Editorial\/<\/strong><\/td>\n<tr>\n<td>\n<p class=\"small\">Liliana Pedraja-Rejas<\/p>\n<p>DESAF\u00cdOS PARA LA GESTI\u00d3N P\u00daBLICA EN LA SOCIEDAD DEL CONOCIMIENTO<\/td>\n<td style=\"text-align: center; vertical-align: middle;\" width=\"20%\"><strong>145<\/strong><\/td>\n<\/tr>\n<tr>\n<td colspan=\"2\"><strong>\/Art\u00edculos\/<\/strong><\/td>\n<\/tr>\n<tr>\n<td>\n<p class=\"small\">Luz A. Delgado M., Silvia Matteucci, Miguel Acevedo, Carol Valeri, Rafael Blanca y Jeserlis M\u00e1rquez<\/p>\n<p>CAUSAS DIRECTAS QUE INDUCEN EL CAMBIO DE USO DEL SUELO Y DE LA COBERTURA BOSCOSA, A ESCALA DE PAISAJE, EN EL SUR DE VENEZUELA (en espa\u00f1ol)<\/td>\n<td style=\"text-align: center; vertical-align: middle;\"><strong><a href=\"https:\/\/www.interciencia.net\/pt\/pt\/wp-content\/blogs.dir\/8\/files\/2017\/08\/148-156-5394-DELGADO-42_3.pdf\" target=\"_blank\" rel=\"noopener\">148<\/a><\/strong><\/td>\n<\/tr>\n<tr>\n<td>\n<p class=\"small\">Emilio Ram\u00edrez-Juid\u00edas y Jes\u00fas Yanes-Figueroa<\/p>\n<p>ESTUDIO MEDIOAMBIENTAL DEL MUNICIPIO DE ALMAD\u00c9N MEDIANTE TELEDETECCI\u00d3N (en espa\u00f1ol)<\/td>\n<td style=\"text-align: center; vertical-align: middle;\"><strong><a href=\"https:\/\/www.interciencia.net\/pt\/pt\/wp-content\/blogs.dir\/8\/files\/2017\/08\/157-162-5834-RAMIREZ-42_3.pdf\" target=\"_blank\" rel=\"noopener\">157<\/a><\/strong><\/td>\n<\/tr>\n<tr>\n<td colspan=\"2\"><strong>\/Comunicaciones\/<\/strong><\/td>\n<\/tr>\n<tr>\n<td>\n<p class=\"small\">Ivana Kruger Tuchtenhagen, Cl\u00e1udia Liane Rodrigues de Lima, Eloy Antonio Pauletto Ledemar Carlos Vahl y Lizete Stumpf<\/p>\n<p>CENIZA DE C\u00c1SCARA DE ARROZ COMO ALTERNATIVA PARA MEJORAR LA CALIDAD ESTRUTURAL DE UM ARGISOL (en portugu\u00e9s)<\/td>\n<td style=\"text-align: center; vertical-align: middle;\"><strong><a href=\"https:\/\/www.interciencia.net\/pt\/pt\/wp-content\/blogs.dir\/8\/files\/2017\/08\/163-167-5885-TUCHThENHAGEN-42_3.pdf\" target=\"_blank\" rel=\"noopener\">163<\/a><\/strong><\/td>\n<\/tr>\n<tr>\n<td>\n<p class=\"small\">Ana Gloria Villalba-Villalba, Enrique M\u00e1rquez-R\u00edos, Marina Josafat Esquerra-Brauer y Francisco Javier Castillo-Y\u00e1\u00f1ez<\/p>\n<p>TRIPSINA DEL HEPATOPANCREAS DE CALAMAR GIGANTE(Dosidicus Gigas): PURIFICACI\u00d3N Y CARACTERIZACI\u00d3N (en ingl\u00e9s)<\/td>\n<td style=\"text-align: center; vertical-align: middle;\"><strong><a href=\"https:\/\/www.interciencia.net\/pt\/pt\/wp-content\/blogs.dir\/8\/files\/2017\/08\/168-174-5538-VILLALBA-42_3-1.pdf\" target=\"_blank\" rel=\"noopener\">168<\/a><\/strong><\/td>\n<\/tr>\n<tr>\n<td>\n<p class=\"small\">Salvador Montes-Hern\u00e1ndez, Juan Diego de la Torre-Vizcaino, Elena Heredia-Garc\u00eda, Miguel Hern\u00e1ndez-Mart\u00ednez y Mar\u00eda Guadalupe Camarena-Hern\u00e1ndez<\/p>\n<p>CARACTERIZACI\u00d3N MORFOL\u00d3GICA DE GERMOPLASMA DE AGUACATE MEXICANO <i>(Persea americana var. drymifolia,<br \/>\nLAURACEAE)<\/i> (en espa\u00f1ol)<\/td>\n<td style=\"text-align: center; vertical-align: middle;\"><strong><a href=\"https:\/\/www.interciencia.net\/pt\/pt\/wp-content\/blogs.dir\/8\/files\/2017\/08\/175-180-5976-MONTES-42_3.pdf\" target=\"_blank\" rel=\"noopener\">175<\/a><\/strong><\/td>\n<\/tr>\n<tr>\n<td>\n<p class=\"small\">Ingrid Fern\u00e1ndez, H\u00e9ctor V\u00e1squez, Juan Vega y Carlos Ubeda<\/p>\n<p>EFECTO DE UN PROGRAMA DE ENTRENAMIENTO INTERMITENTE DE ALTA INTENSIDAD EN NI\u00d1OS CON SOBREPESO Y OBESIDAD EN ARICA, CHILE (en espa\u00f1ol)<\/td>\n<td style=\"text-align: center; vertical-align: middle;\"><strong><a href=\"https:\/\/www.interciencia.net\/pt\/pt\/wp-content\/blogs.dir\/8\/files\/2017\/08\/181-185-6016-FERNANDEZ-42_3.pdf\" target=\"_blank\" rel=\"noopener\">181<\/a><\/strong><\/td>\n<\/tr>\n<tr>\n<td colspan=\"2\"><strong>\/Ensayos\/<\/strong><\/td>\n<\/tr>\n<tr>\n<td>\n<p class=\"small\">Jos\u00e9 Luis Lanata, Claudia Briones y Adrian Monjeau<\/p>\n<p>LA CONTROVERSIA SOBRE EL ANTROPOCENO COMO OPORTUNIDAD: UNA CUESTI\u00d3N DE ENFOQUES EN LUGAR DE DESIGNACIONES FORMALES (en espa\u00f1ol)<\/td>\n<td style=\"text-align: center; vertical-align: middle;\"><a href=\"https:\/\/www.interciencia.net\/pt\/pt\/wp-content\/blogs.dir\/8\/files\/2017\/08\/186-189-5798-LANATA-42_3.pdf\" target=\"_blank\" rel=\"noopener\"><strong>186<\/strong><\/a><\/td>\n<\/tr>\n<tr>\n<td>\n<p class=\"small\">Carlos Humberto Villarroel Gonz\u00e1lez, Fernando Cabrales G\u00f3mez y Jaime G\u00f3mez Douzet<\/p>\n<p>INGENIER\u00cdA PARA LA ECONOM\u00cdA DEL SIGLO XXI (en ingl\u00e9s)<\/td>\n<td style=\"text-align: center; vertical-align: middle;\"><a href=\"https:\/\/www.interciencia.net\/pt\/pt\/wp-content\/blogs.dir\/8\/files\/2017\/08\/190-196-5970-VILLARROEL-42_3.pdf\" target=\"_blank\" rel=\"noopener\"><strong>190<\/strong><\/a><\/td>\n<\/tr>\n<\/tbody>\n<\/table>\n","protected":false},"excerpt":{"rendered":"<p>\/Editorial\/ Liliana Pedraja-Rejas DESAF\u00cdOS PARA LA GESTI\u00d3N P\u00daBLICA EN LA SOCIEDAD DEL CONOCIMIENTO 145 \/Art\u00edculos\/ Luz A. Delgado M., Silvia Matteucci, Miguel Acevedo, Carol Valeri, Rafael Blanca y Jeserlis M\u00e1rquez CAUSAS DIRECTAS QUE INDUCEN EL CAMBIO DE USO DEL SUELO Y DE LA COBERTURA BOSCOSA, A ESCALA DE PAISAJE, EN EL SUR DE VENEZUELA (en [&hellip;]<\/p>\n","protected":false},"author":1,"featured_media":0,"comment_status":"closed","ping_status":"open","sticky":false,"template":"","format":"standard","meta":[],"categories":[44],"tags":[],"_links":{"self":[{"href":"https:\/\/www.interciencia.net\/pt\/wp-json\/wp\/v2\/posts\/2933"}],"collection":[{"href":"https:\/\/www.interciencia.net\/pt\/wp-json\/wp\/v2\/posts"}],"about":[{"href":"https:\/\/www.interciencia.net\/pt\/wp-json\/wp\/v2\/types\/post"}],"author":[{"embeddable":true,"href":"https:\/\/www.interciencia.net\/pt\/wp-json\/wp\/v2\/users\/1"}],"replies":[{"embeddable":true,"href":"https:\/\/www.interciencia.net\/pt\/wp-json\/wp\/v2\/comments?post=2933"}],"version-history":[{"count":7,"href":"https:\/\/www.interciencia.net\/pt\/wp-json\/wp\/v2\/posts\/2933\/revisions"}],"predecessor-version":[{"id":3051,"href":"https:\/\/www.interciencia.net\/pt\/wp-json\/wp\/v2\/posts\/2933\/revisions\/3051"}],"wp:attachment":[{"href":"https:\/\/www.interciencia.net\/pt\/wp-json\/wp\/v2\/media?parent=2933"}],"wp:term":[{"taxonomy":"category","embeddable":true,"href":"https:\/\/www.interciencia.net\/pt\/wp-json\/wp\/v2\/categories?post=2933"},{"taxonomy":"post_tag","embeddable":true,"href":"https:\/\/www.interciencia.net\/pt\/wp-json\/wp\/v2\/tags?post=2933"}],"curies":[{"name":"wp","href":"https:\/\/api.w.org\/{rel}","templated":true}]}}