{"id":5515,"date":"2026-04-30T04:31:11","date_gmt":"2026-04-30T04:31:11","guid":{"rendered":"https:\/\/www.interciencia.net\/en\/?p=5515"},"modified":"2026-05-01T02:29:45","modified_gmt":"2026-05-01T02:29:45","slug":"volumen-51-numero-04","status":"publish","type":"post","link":"https:\/\/www.interciencia.net\/en\/volume-51-2026\/volumen-51-numero-04\/","title":{"rendered":"Volume 51 Issue 04"},"content":{"rendered":"<table width=\"100%\">\n<tbody>\n<tr>\n<td colspan=\"2\"><strong>\/Editorial\/<\/strong><\/td>\n<\/tr>\n<tr>\n<td>\n<p class=\"small\">Yajaira Freites<\/p>\n<p>SEVENTY-SIX YEARS OF THE VENEZUELAN ASSOCIATION FOR THE ADVANCEMENT OF SCIENCE (ASOVAC)<\/p>\n<\/td>\n<td style=\"text-align: center; vertical-align: middle;\" width=\"20%\"><a href=\"https:\/\/www.interciencia.net\/en\/files\/2026\/05\/0B-EDITORIAL_v51n4-en.pdf\" target=\"_blank\" rel=\"noopener noreferrer\">158<\/a><\/td>\n<\/tr>\n<tr>\n<td colspan=\"2\"><strong>\/Articles\/<\/strong><\/td>\n<\/tr>\n<tr>\n<td>\n<p class=\"small\">Marjorie S\u00e1muel, Danilo D\u00edaz-Levicoy, Denisse Aviles-Henn and Yudi Caterine Diaz-Perdomo<\/p>\n<p>REASONING AND VISUALISATION PROCESSES SHOWN BY PRE-SCHOOL CHILDREN WHEN SOLVING AXIAL SYMMETRY TASKS (in Spanish)<\/p>\n<\/td>\n<td style=\"text-align: center; vertical-align: middle;\"><a href=\"https:\/\/www.interciencia.net\/wp-content\/uploads\/2026\/04\/01_7330_A_Diaz_Levicoy_v51n4_10.pdf\" target=\"_blank\" rel=\"noopener noreferrer\">160<\/a><\/td>\n<\/tr>\n<tr>\n<td>\n<p class=\"small\">David \u00c1lvarez-Maldonado, Juan Carlos Armijos, Luis Felipe Vergara Maldonado, Rafael Romero-Meza, V\u00edctor Y\u00e1\u00f1ez Jara, Nicol\u00e1s Barrientos Oradini, Joan Boada-Grau and Carmen P\u00e9nnanen Arias<\/p>\n<p>VALIDATION OF AN ORGANIZATIONAL SILENCE CLIMATE PERCEPTION SCALE (in English)<\/p>\n<\/td>\n<td style=\"text-align: center; vertical-align: middle;\"><a href=\"https:\/\/www.interciencia.net\/wp-content\/uploads\/2026\/04\/02_7442_A_Alvarez_Maldonado_v51n4_8.pdf\" target=\"_blank\" rel=\"noopener noreferrer\">170<\/a><\/td>\n<\/tr>\n<tr>\n<td>\n<p class=\"small\">Pedro Severino-Gonz\u00e1lez, Mat\u00edas Jara-Moraga, Benjam\u00edn Mu\u00f1oz-Romero, Violeta Rojas-Bravo, Walter Calder\u00f3n-Morales, Gerardo Zapata-Chero and Guipsy Rebolledo-Aburto<\/p>\n<p>CORPORATE SOCIAL RESPONSIBILITY IN THE FASHION INDUSTRY: EVIDENCE FROM UNIVERSITY STUDENTS IN CHILE (in English)<\/p>\n<\/td>\n<td style=\"text-align: center; vertical-align: middle;\"><a href=\"https:\/\/www.interciencia.net\/wp-content\/uploads\/2026\/04\/03_7444_A_Severino_v51n4_9.pdf\" target=\"_blank\" rel=\"noopener noreferrer\">178<\/a><\/td>\n<\/tr>\n<tr>\n<td>\n<p class=\"small\">Pedro Sotomayor Soloaga, Esteban Toledo P\u00e9rez de Arce, Marcos Parada Ulloa, Eddy Paz-Maldonado, Alberto Riquelme Arriagada and Miguel Gallegos<\/p>\n<p>CHALLENGES AND RESILIENCE OF UNIVERSITY STUDENTS WITH PARENTAL AND WORK RESPONSIBILITIES: A STATE-OF-THE-ART (in Spanish)<\/p>\n<\/td>\n<td style=\"text-align: center; vertical-align: middle;\"><a href=\"https:\/\/www.interciencia.net\/wp-content\/uploads\/2026\/04\/04_7445_A_Sotomayor_v51n4_9.pdf\" target=\"_blank\" rel=\"noopener noreferrer\">187<\/a><\/td>\n<\/tr>\n<tr>\n<td colspan=\"2\"><strong>\/Reports\/<\/strong><\/td>\n<\/tr>\n<tr>\n<td>\n<p class=\"small\">Alejandro Cuadra-Peralta, Dina Conde Llanes, Lorena P. Gallardo-Peralta, Oscar Ochoa de la Maza Daudet, Ernesto Montufar-Mazuelos and Constanza Beloso-Besio<\/p>\n<p>FACTORS ASSOCIATED WITH LIFE SATISFACTION IN OLDER PEOPLE RESIDING IN CHILE (in Spanish)<\/p>\n<\/td>\n<td style=\"text-align: center; vertical-align: middle;\"><a href=\"https:\/\/www.interciencia.net\/wp-content\/uploads\/2026\/04\/05_7380_Com_Cuadra-Peralta_v51n4_8.pdf\" target=\"_blank\" rel=\"noopener noreferrer\">196<\/a><\/td>\n<\/tr>\n<tr>\n<td colspan=\"2\"><strong>\/Essays\/<\/strong><\/td>\n<\/tr>\n<tr>\n<td>\n<p class=\"small\">Elizabeth Montanares-Vargas and Bastian Carter-Thuillier<\/p>\n<p>HISTORICAL THINKING, TEACHER EDUCATION, AND GLOBAL CITIZENSHIP IN CONFLICT CONTEXTS: CHALLENGES IN THE SOUTHERN MACROZONE OF CHILE (en espa\u00f1ol)<\/p>\n<\/td>\n<td style=\"text-align: center; vertical-align: middle;\"><a href=\"https:\/\/www.interciencia.net\/wp-content\/uploads\/2026\/04\/06_7446_E_Carter_v51n4_8.pdf\" target=\"_blank\" rel=\"noopener noreferrer\">204<\/a><\/td>\n<\/tr>\n<\/tbody>\n<\/table>\n\n\n<p><\/p>\n","protected":false},"excerpt":{"rendered":"<p>\/Editorial\/ Yajaira Freites SEVENTY-SIX YEARS OF THE VENEZUELAN ASSOCIATION FOR THE ADVANCEMENT OF SCIENCE (ASOVAC) 158 \/Articles\/ Marjorie S\u00e1muel, Danilo D\u00edaz-Levicoy, Denisse Aviles-Henn and Yudi Caterine Diaz-Perdomo REASONING AND VISUALISATION PROCESSES SHOWN BY PRE-SCHOOL CHILDREN WHEN SOLVING AXIAL SYMMETRY TASKS (in Spanish) 160 David \u00c1lvarez-Maldonado, Juan Carlos Armijos, Luis Felipe Vergara Maldonado, Rafael Romero-Meza, V\u00edctor [&hellip;]<\/p>\n","protected":false},"author":1,"featured_media":5516,"comment_status":"closed","ping_status":"open","sticky":false,"template":"","format":"standard","meta":[],"categories":[471],"tags":[],"_links":{"self":[{"href":"https:\/\/www.interciencia.net\/en\/wp-json\/wp\/v2\/posts\/5515"}],"collection":[{"href":"https:\/\/www.interciencia.net\/en\/wp-json\/wp\/v2\/posts"}],"about":[{"href":"https:\/\/www.interciencia.net\/en\/wp-json\/wp\/v2\/types\/post"}],"author":[{"embeddable":true,"href":"https:\/\/www.interciencia.net\/en\/wp-json\/wp\/v2\/users\/1"}],"replies":[{"embeddable":true,"href":"https:\/\/www.interciencia.net\/en\/wp-json\/wp\/v2\/comments?post=5515"}],"version-history":[{"count":3,"href":"https:\/\/www.interciencia.net\/en\/wp-json\/wp\/v2\/posts\/5515\/revisions"}],"predecessor-version":[{"id":5525,"href":"https:\/\/www.interciencia.net\/en\/wp-json\/wp\/v2\/posts\/5515\/revisions\/5525"}],"wp:featuredmedia":[{"embeddable":true,"href":"https:\/\/www.interciencia.net\/en\/wp-json\/wp\/v2\/media\/5516"}],"wp:attachment":[{"href":"https:\/\/www.interciencia.net\/en\/wp-json\/wp\/v2\/media?parent=5515"}],"wp:term":[{"taxonomy":"category","embeddable":true,"href":"https:\/\/www.interciencia.net\/en\/wp-json\/wp\/v2\/categories?post=5515"},{"taxonomy":"post_tag","embeddable":true,"href":"https:\/\/www.interciencia.net\/en\/wp-json\/wp\/v2\/tags?post=5515"}],"curies":[{"name":"wp","href":"https:\/\/api.w.org\/{rel}","templated":true}]}}